{"id":19862,"date":"2020-11-29T08:25:34","date_gmt":"2020-11-29T07:25:34","guid":{"rendered":"https:\/\/senzor.ba\/?p=19862"},"modified":"2024-01-15T21:42:04","modified_gmt":"2024-01-15T20:42:04","slug":"gradska-biblioteka-kakanj-organizator-festivala-knjizevnosti-bosansko-kraljevstvo-u-knjizevnosti","status":"publish","type":"post","link":"https:\/\/tvsensor.com\/clanak\/gradska-biblioteka-kakanj-organizator-festivala-knjizevnosti-bosansko-kraljevstvo-u-knjizevnosti\/","title":{"rendered":"Gradska biblioteka Kakanj organizator festivala knji\u017eevnosti &#8216;Bosansko kraljevstvo u knji\u017eevnosti&#8217;"},"content":{"rendered":"\n<p>Srednjovjekovna Bosna je period o kojem nas podsje\u0107aju i knji\u017eevnici, jer samo kroz umjetnost ove historijske \u010dinjenice mogu doprijeti do svakoga. Gradska biblioteka Kakanj organizator je festivala knji\u017eevnosti \u201eBosansko kraljevstvo u knji\u017eevnosti\u201c<\/p>\n\n\n\n<p>Stihovima, prozom, ali i kvalitetnom diskusijom sudionici festivala knji\u017eevnosti razmijenili su iskustva o svom istra\u017eiva\u010dkom radu o srednjovjekovnoj Bosni. BH knji\u017eevnici koji su objavili romane o historijskom periodu kada banovi i kraljevi svjedo\u010de o hiljadugodi\u0161njem postojanju BiH.<\/p>\n\n\n\n<p>\u201eIma ovdje ljude koji jako puno pi\u0161u o tom periodu. Ima jo\u0161 autora koji pi\u0161u oni nisu danas tu zbog korpne, zbog tro\u0161kova, a veliki je interes \u010ditalaca. \u010citaoci jako puno \u010ditaju. Kad uzmete knjige \u010diji su autori ovdje, vi vidite da su jako \u010ditani\u201c, ka\u017ee Senad \u010ci\u0161ija, direktor JU Gradskr biblioteke Kakanj.<\/p>\n\n\n\n<p>Bosanci i Hercegovci, svako na svoj na\u010din voli svoju zemlju iz nekog razli\u010ditog perioda, bilo da je rije\u010d o post Dejtonskoj, avnojevskoj i srednjovjekovnoj Bosni. Historijske \u010dinjenice ne treba izvrtati, a kroz spoj umjentosti i nauke te \u010dinjenice postaju dostupne.<\/p>\n\n\n\n<p>\u201eDjeca \u0107e najprije o srednjem vijeku i same histriorije nau\u010diti iz knjiga iz TV programa i tu mo\u017eemo tra\u017eiti zametak njhovog interesa budu\u0107eg prema ovoj nauci. Sam srednji vjek je komplikovan. Jako komplikovano podru\u010dje za istra\u017eivanje, prije svega tra\u017ei poznavanje nekoliko izumrilih jezika, razli\u010ditih pisama, mnogo same literature je potrebno da se pro\u0111e\u201c, poru\u010dio je D\u017eenan Dautovi\u0107, doktor historijskih nauka.<\/p>\n\n\n\n<p>Za razliku od histori\u010dara, pisci kroz likove i legende o ljubavi, mr\u017enji, obi\u010dajima, strahovima i patnjama, uspijavaju \u010ditateljima pribli\u017eiti istra\u017eivanje o \u017eivotu ljudi srednjovjekovne Bosne.<\/p>\n\n\n\n<p>\u201ePotpuno su druga\u010diji koncepti bili \u017eivota i mi te\u0161ko mo\u017eemo zapravo razumjeti. Knji\u017eevnost nas donekle pribli\u017eava kroz taj neki imaginarni pristup historiji, naravno knji\u017eevnici mogu, tu imaju potpuno slobodu za razliku od histori\u010dara, potpunu slobodu ma\u0161te da pristupe temi bilo potpuno bazirano na izvorima ili bilo da neku pri\u010du uklope unutar teme o kojoj govore\u201c, mi\u0161ljenja je Dautovi\u0107.<\/p>\n\n\n\n<p>Na Festivalu knji\u017eevnosti \u201eBosansko kraljevstvo u knji\u017eevnosti\u201c sudjelovali su autori rado \u010ditanih djela: D\u017eeraldina Duman\u010di\u0107, Ibrahim Kajan, Anto Stani\u0107, Salih Stra\u0161evi\u0107, Fajko Kadri\u0107, D\u017eenan Dautovi\u0107, Emir Durmi\u0161evi\u0107 i Semir Spahi\u0107. Tu se, izme\u0111u ostalog, diskutovalo i o problemima i izazovima, te o va\u017enosti knjige i \u010ditanja.<\/p>\n\n\n\n<p>Izvor: federalna.ba<\/p>\n","protected":false},"excerpt":{"rendered":"<p>Srednjovjekovna Bosna je period o kojem nas podsje\u0107aju i knji\u017eevnici, jer samo kroz umjetnost ove historijske \u010dinjenice mogu doprijeti do svakoga. Gradska biblioteka Kakanj organizator je festivala knji\u017eevnosti \u201eBosansko kraljevstvo u knji\u017eevnosti\u201c Stihovima, prozom, ali i kvalitetnom diskusijom sudionici festivala knji\u017eevnosti razmijenili su iskustva o svom istra\u017eiva\u010dkom radu o srednjovjekovnoj Bosni. BH knji\u017eevnici koji su [&hellip;]<\/p>\n","protected":false},"author":7,"featured_media":19863,"comment_status":"closed","ping_status":"closed","sticky":false,"template":"","format":"standard","meta":{"inline_featured_image":false,"footnotes":""},"categories":[46,53],"tags":[],"class_list":{"0":"post-19862","1":"post","2":"type-post","3":"status-publish","4":"format-standard","5":"has-post-thumbnail","7":"category-kultura","8":"category-magazin"},"acf":[],"_links":{"self":[{"href":"https:\/\/tvsensor.com\/api\/wp\/v2\/posts\/19862","targetHints":{"allow":["GET"]}}],"collection":[{"href":"https:\/\/tvsensor.com\/api\/wp\/v2\/posts"}],"about":[{"href":"https:\/\/tvsensor.com\/api\/wp\/v2\/types\/post"}],"author":[{"embeddable":true,"href":"https:\/\/tvsensor.com\/api\/wp\/v2\/users\/7"}],"replies":[{"embeddable":true,"href":"https:\/\/tvsensor.com\/api\/wp\/v2\/comments?post=19862"}],"version-history":[{"count":2,"href":"https:\/\/tvsensor.com\/api\/wp\/v2\/posts\/19862\/revisions"}],"predecessor-version":[{"id":19865,"href":"https:\/\/tvsensor.com\/api\/wp\/v2\/posts\/19862\/revisions\/19865"}],"wp:featuredmedia":[{"embeddable":true,"href":"https:\/\/tvsensor.com\/api\/wp\/v2\/media\/19863"}],"wp:attachment":[{"href":"https:\/\/tvsensor.com\/api\/wp\/v2\/media?parent=19862"}],"wp:term":[{"taxonomy":"category","embeddable":true,"href":"https:\/\/tvsensor.com\/api\/wp\/v2\/categories?post=19862"},{"taxonomy":"post_tag","embeddable":true,"href":"https:\/\/tvsensor.com\/api\/wp\/v2\/tags?post=19862"}],"curies":[{"name":"wp","href":"https:\/\/api.w.org\/{rel}","templated":true}]}}