{"id":19854,"date":"2020-11-29T08:21:11","date_gmt":"2020-11-29T07:21:11","guid":{"rendered":"https:\/\/senzor.ba\/?p=19854"},"modified":"2024-01-15T21:42:04","modified_gmt":"2024-01-15T20:42:04","slug":"tuzla-radovi-u-susret-140-godisnjici-osvecenja-katedralnog-hrama","status":"publish","type":"post","link":"https:\/\/tvsensor.com\/clanak\/tuzla-radovi-u-susret-140-godisnjici-osvecenja-katedralnog-hrama\/","title":{"rendered":"Tuzla: Radovi u susret 140 godi\u0161njici osve\u0107enja Katedralnog hrama"},"content":{"rendered":"\n<p>U Tuzli su u toku radovi u dvori\u0161tu Sabornog hrama Uspenja Presvete Bogorodice.&nbsp;<\/p>\n\n\n\n<p>&#8220;Uz blagoslov vladike Fotija i uz podr\u0161ku eparhijskog Upravnog odbora, Ministarstva za izbjeglice i raseljena lica FBiH, Vlade Tuzlanskog kantona, Gradske uprave Tuzla, Ministarstva za izbjeglice i raseljena BiH, vjernika i na\u0161ih kom\u0161ija druge vjeroispovijesti vr\u0161e se obimni gra\u0111evinski radovi na rekonstrukciji i ukra\u0161avanju Sabornog hrama i Vladikinog dvora u Tuzli&#8221;, rekao je  protojerej Milo\u0161 Tri\u0161i\u0107, starje\u0161ina Sabornog hrama u Tuzli.<\/p>\n\n\n\n<figure class=\"wp-block-gallery columns-2 is-cropped wp-block-gallery-1 is-layout-flex wp-block-gallery-is-layout-flex\"><ul class=\"blocks-gallery-grid\"><li class=\"blocks-gallery-item\"><figure><img loading=\"lazy\" decoding=\"async\" width=\"720\" height=\"960\" src=\"https:\/\/tvsensor.com\/wp-content\/uploads\/2020\/11\/spc-tz-02.jpg\" alt=\"\" data-id=\"19857\" data-full-url=\"https:\/\/tvsensor.com\/wp-content\/uploads\/2020\/11\/spc-tz-02.jpg\" data-link=\"https:\/\/tvsensor.com\/?attachment_id=19857\" class=\"wp-image-19857\" srcset=\"https:\/\/tvsensor.com\/wp-content\/uploads\/2020\/11\/spc-tz-02.jpg 720w, https:\/\/tvsensor.com\/wp-content\/uploads\/2020\/11\/spc-tz-02-113x150.jpg 113w, https:\/\/tvsensor.com\/wp-content\/uploads\/2020\/11\/spc-tz-02-150x200.jpg 150w, https:\/\/tvsensor.com\/wp-content\/uploads\/2020\/11\/spc-tz-02-300x400.jpg 300w, https:\/\/tvsensor.com\/wp-content\/uploads\/2020\/11\/spc-tz-02-696x928.jpg 696w\" sizes=\"auto, (max-width: 720px) 100vw, 720px\" \/><\/figure><\/li><li class=\"blocks-gallery-item\"><figure><img loading=\"lazy\" decoding=\"async\" width=\"960\" height=\"720\" src=\"https:\/\/tvsensor.com\/wp-content\/uploads\/2020\/11\/spc-tz-01.jpg\" alt=\"\" data-id=\"19856\" data-full-url=\"https:\/\/tvsensor.com\/wp-content\/uploads\/2020\/11\/spc-tz-01.jpg\" data-link=\"https:\/\/tvsensor.com\/?attachment_id=19856\" class=\"wp-image-19856\" srcset=\"https:\/\/tvsensor.com\/wp-content\/uploads\/2020\/11\/spc-tz-01.jpg 960w, https:\/\/tvsensor.com\/wp-content\/uploads\/2020\/11\/spc-tz-01-150x113.jpg 150w, https:\/\/tvsensor.com\/wp-content\/uploads\/2020\/11\/spc-tz-01-768x576.jpg 768w, https:\/\/tvsensor.com\/wp-content\/uploads\/2020\/11\/spc-tz-01-300x225.jpg 300w, https:\/\/tvsensor.com\/wp-content\/uploads\/2020\/11\/spc-tz-01-696x522.jpg 696w, https:\/\/tvsensor.com\/wp-content\/uploads\/2020\/11\/spc-tz-01-80x60.jpg 80w, https:\/\/tvsensor.com\/wp-content\/uploads\/2020\/11\/spc-tz-01-265x198.jpg 265w, https:\/\/tvsensor.com\/wp-content\/uploads\/2020\/11\/spc-tz-01-320x240.jpg 320w\" sizes=\"auto, (max-width: 960px) 100vw, 960px\" \/><\/figure><\/li><\/ul><\/figure>\n\n\n\n<p>Radovi se izvode u susret velikom jubileju koji se obillje\u017eava 2022. godine, a rije\u010d je o 140. godi\u0161njici osve\u0107enja Katedralnog hrama.<\/p>\n\n\n\n<p>&#8220;Od srca hvala svima koji podr\u017eavaju na\u0161u pravoslavnu zajednicu i poma\u017eu na ukra\u0161avanju ovog kulturno-istorijskog spomenika BiH&#8221;, istakao je Tri\u0161i\u0107.<\/p>\n\n\n\n<p>Izvor: federalna.ba<\/p>\n","protected":false},"excerpt":{"rendered":"<p>U Tuzli su u toku radovi u dvori\u0161tu Sabornog hrama Uspenja Presvete Bogorodice.&nbsp; &#8220;Uz blagoslov vladike Fotija i uz podr\u0161ku eparhijskog Upravnog odbora, Ministarstva za izbjeglice i raseljena lica FBiH, Vlade Tuzlanskog kantona, Gradske uprave Tuzla, Ministarstva za izbjeglice i raseljena BiH, vjernika i na\u0161ih kom\u0161ija druge vjeroispovijesti vr\u0161e se obimni gra\u0111evinski radovi na rekonstrukciji [&hellip;]<\/p>\n","protected":false},"author":7,"featured_media":19855,"comment_status":"closed","ping_status":"closed","sticky":false,"template":"","format":"standard","meta":{"inline_featured_image":false,"footnotes":""},"categories":[155],"tags":[],"class_list":{"0":"post-19854","1":"post","2":"type-post","3":"status-publish","4":"format-standard","5":"has-post-thumbnail","7":"category-life-style"},"acf":[],"_links":{"self":[{"href":"https:\/\/tvsensor.com\/api\/wp\/v2\/posts\/19854","targetHints":{"allow":["GET"]}}],"collection":[{"href":"https:\/\/tvsensor.com\/api\/wp\/v2\/posts"}],"about":[{"href":"https:\/\/tvsensor.com\/api\/wp\/v2\/types\/post"}],"author":[{"embeddable":true,"href":"https:\/\/tvsensor.com\/api\/wp\/v2\/users\/7"}],"replies":[{"embeddable":true,"href":"https:\/\/tvsensor.com\/api\/wp\/v2\/comments?post=19854"}],"version-history":[{"count":3,"href":"https:\/\/tvsensor.com\/api\/wp\/v2\/posts\/19854\/revisions"}],"predecessor-version":[{"id":19860,"href":"https:\/\/tvsensor.com\/api\/wp\/v2\/posts\/19854\/revisions\/19860"}],"wp:featuredmedia":[{"embeddable":true,"href":"https:\/\/tvsensor.com\/api\/wp\/v2\/media\/19855"}],"wp:attachment":[{"href":"https:\/\/tvsensor.com\/api\/wp\/v2\/media?parent=19854"}],"wp:term":[{"taxonomy":"category","embeddable":true,"href":"https:\/\/tvsensor.com\/api\/wp\/v2\/categories?post=19854"},{"taxonomy":"post_tag","embeddable":true,"href":"https:\/\/tvsensor.com\/api\/wp\/v2\/tags?post=19854"}],"curies":[{"name":"wp","href":"https:\/\/api.w.org\/{rel}","templated":true}]}}