{"id":19814,"date":"2020-11-28T10:55:51","date_gmt":"2020-11-28T09:55:51","guid":{"rendered":"https:\/\/senzor.ba\/?p=19814"},"modified":"2024-01-15T21:42:05","modified_gmt":"2024-01-15T20:42:05","slug":"28-novembar-dan-zastave-nade-i-ponosa-svakog-albanca","status":"publish","type":"post","link":"https:\/\/tvsensor.com\/clanak\/28-novembar-dan-zastave-nade-i-ponosa-svakog-albanca\/","title":{"rendered":"28. novembar- Dan zastave, nade i ponosa svakog Albanca"},"content":{"rendered":"\n<p><strong>To je Dan zastave i Dan progla\u0161enja nezavisnosti Albanije, a u vezi s tim datumom povezano je i jo\u0161 puno drugih doga\u0111aja zna\u010dajnih za Albance<\/strong>.<br><br><\/p>\n\n\n\n<p>U historiji albanskog naroda, 28. novembar, je jedan od najva\u017enijih datuma. To je&nbsp;Dan zastave i Dan progla\u0161enja nezavisnosti Albanije, a u vezi s tim datumom povezano je i jo\u0161 puno drugih doga\u0111aja zna\u010dajnih za Albance.<\/p>\n\n\n\n<p>Naime, u&nbsp;gradu Vlori, 28. novembra 1912. godine, Narodna skup\u0161tina je proglasila Albaniju za nezavisnu dr\u017eavu. Po usvajanju teksta deklaracije Ismail Qemali je&nbsp;pred okupljenim gra\u0111anima razvio crvenu albansku zastavu sa crnim dvoglavim orlom. Naime, ba\u0161 na taj dan, 28. novembra 1443. godine Skenderbeg, plemi\u0107 iz porodice Kastriota, po prvi put je podigao albansku zastavu.<\/p>\n\n\n\n<p>Tog dana, 28. novembra, je datum koji za Albance sa Kosova ima posebnu simboliku, jer je povezan sa doga\u0111ajima iz novije historije.<\/p>\n\n\n\n<p>Na taj dan 1997. godine, 85 godina od progla\u0161enja nezavisnosti Albanije koja je ostavila Kosovo van albanskih teritorija, u Lau\u0161u na sahrani Halita Gecija, u\u010ditelja koga je ubila srpska policija, po prvi put se u javnosti pojavila Oslobodila\u010dka vojska Kosova (U\u00c7K). Istog datuma, 28. novembra 1955. ro\u0111en je legendarni komandant U\u00c7K-a, Adem Jashari \u010diji su \u017eivot, djelo i historijska pogibija postali simbol nezavisnosti kosovskih Albanaca.<\/p>\n\n\n\n<p><strong>Kako je po\u010delo?<\/strong>\u00a0<\/p>\n\n\n\n<p>Na Berlinskom kongresu 1878. Prizrenska liga izborila se za \u0161iroku autonomiju ve\u0107ine podru\u010dja na kojima su \u017eivjeli Albanci unutar Osmanskog carstva. Prvi Balkanski rat, koji na po\u010detku oktobra 1912. &nbsp;imao je za cilj ujedinjenje balkanskih naroda u borbi protiv Osmanlija, prerastao je u osvaja\u010dki rat za teritorije naseljene Albancima u Albaniji, Makedoniji, Kosovu, Crnoj Gori i Gr\u010dkoj.<\/p>\n\n\n\n<p>Srbija, Crna Gora i Gr\u010dka krenule u zauzimanje albanskih teritorija i za prva dva mjeseca rata, oktobar-novembar 1912. ubijeno je oko 25 000 Albanaca. Albanci su se organizovali dobrovolja\u010dke jedinice koje su pru\u017eale jak otpor. Nakon \u0161to su vojske balkanskih dr\u017eava osvojile ve\u0107inu albanskih oblasti, albanski glavari&nbsp;su se povukli na slobodnu oblast Vlore (Valone).<\/p>\n\n\n\n<p>Albanski predstavnici su se u po\u010detku borili za autonomiju Albanije u okviru Osmanskog carstva. Me\u0111utim, nakon velikih potresa u Prvom balkanskom ratu, kada su balkanske teritorije Osmanskog carstva podijeljene izme\u0111u susjednih dr\u017eava, Albanci se tako\u0111e odlu\u010duju za stvaranje nezavisne dr\u017eave. Inicijativa za progla\u0161enje nezavisnosti Albanije potekla je od Ismaila Qemalia i Luigja Gurakuqia.<\/p>\n\n\n\n<p><strong>Progla\u0161enje nezavisnosti Albanije<\/strong><\/p>\n\n\n\n<p>Nakon \u0161to je srpska vojska poslije Kumanovske bitke (23. i 24. oktobar 1912.) u\u0161la u Skoplje, Qemali je doputovao iz Trsta u Bukure\u0161t, u kojem je \u017eivjela velika zajednica Albanaca. Qemali se u Bukure\u0161tu dogovorio sa albanskim prvacima da zajedno otputuju u Albanski vilajet. On je iz Bukure\u0161ta slao telegrame u sve krajeve Albanskog vilajeta tra\u017ee\u0107i da svi po\u0161alju delegate u Valonu na veliki nacionalni kongres.<\/p>\n\n\n\n<p>Qemali se, tako\u0111e, susreo sa ministrom inostranih poslova Austro-ugarske, grofom Ber\u010dtoldom, koji je podr\u017eao njegove poglede na rje\u0161enje nacionalnog pitanja Albanaca i stavio mu na raspolaganje brod koji ga je prevezao do luke Dra\u010d. Iz Dra\u010da je Qemali sa grupom Albanaca iz Rumunije oti\u0161ao&nbsp;u Valonu. Luku Valona je gr\u010dka mornarica dr\u017eala u blokadi i sa svojih brodova je vr\u0161ila artiljerijsko bombardovanje grada.<\/p>\n\n\n\n<p>U Valoni je u ku\u0107i Xhemil beya odr\u017eana Velika narodna skup\u0161tina kojoj su prisustvovali predstavnici iz svih oblasti u kojima \u017eive Albanci. Skup\u0161tinu su \u010dinili predstavnici sa teritorije \u010detiri vilajeta Osmanskog carstva: Kosovski, Skadarski, Janjinski i Bitoljski, uklju\u010duju\u0107i i nekolicinu Albanaca iz Bukure\u0161ta.<\/p>\n\n\n\n<p>Tako je u&nbsp;gradu Valoni 28. novembra 1912. godine, Narodna skup\u0161tina proglasila Albaniju za nezavisnu dr\u017eavu i za albansku nacionalnu zastavu izabrala crvenu zastavu sa crnim &nbsp;dvoglavim orlom Skenderbega. Po usvajanju teksta deklaracije Ismail Qemali je iza\u0161ao na terasu zgrade skup\u0161tine i pred okupljenim gra\u0111anima razvio albansku zastavu.<\/p>\n\n\n\n<p>Nakon toga su albanski predstavnici uputili telegrame balkanskim susjedima i obavijestili ih da je progla\u0161ena nezavisnost Albanije i izabrana privremena vlada na \u010dijem je \u010delu bio Ismail Qemaili.<\/p>\n\n\n\n<p>20. decembra 1912. &nbsp;Ambasadorska konferencija u Londonu je priznala nezavisnu Albaniju. Londonskim mirovnim ugovorom 30. maja 1913. godine Albanija je zvani\u010dno priznata kao dr\u017eava. Nova dr\u017eava Albanija je obuhvatila tek oko polovinu albanske etni\u010dke teritorije, dok se veliki broj Albanaca na\u0161ao u okviru Srbije, Crne Gore i Gr\u010dke.<\/p>\n\n\n\n<p>Prvi Svjetski rat je albanskom narodu donio nastavak stradanja koji je zapo\u010det za vrijeme Balkanskih ratova 1912. Tokom Prvog svjetskog rata od rata, gladi, bolesti i epidemija umrlo je oko 70 hiljada Albanaca.<\/p>\n\n\n\n<p><strong>28. novembar danas na Kosovu<\/strong><\/p>\n\n\n\n<p>Dok je Albanijom nakon Drugog svjetskog rata, pola vijeka vladao komunizam i zemlja \u017eivjela u totalnoj izolaciji, veliki dio Albanaca je \u017eivio u susjednoj biv\u0161oj socijalisti\u010dkoj SFRJ. Po\u010detkom devedesetih godina pro\u0161log vijeka po\u010dinje krvavi raspad Jugoslavije, koji se zavr\u0161ava NATO bombardovanjem Srbije 1999. godine. Srpske bezbjedonosne snage se&nbsp;povla\u010de sa Kosova i dolaze trupe KFOR-a.<\/p>\n\n\n\n<p>Pri\u0161tina je danas 28. novembra oki\u0107ena crveo-crnim zastavama. Obilje\u017eava se Dan zastave i 102. godi\u0161njica progla\u0161enja nezavisnosti Albanije. Kosovski Albanci u slobodi proslavljaju ovaj veliki datum u njihovoj historiji.<\/p>\n\n\n\n<p>Iako je Kosovo svoju nezavisnost proglasilo 17. februara 2008. godine i&nbsp;ima svoju dr\u017eavnu plavo-\u017eutu zastavu, u srcima kosovskih Albanaca 28. novembar i dalje zauzima posebno mjesto.<\/p>\n\n\n\n<p>(Anadolu Agency)<\/p>\n","protected":false},"excerpt":{"rendered":"<p>To je Dan zastave i Dan progla\u0161enja nezavisnosti Albanije, a u vezi s tim datumom povezano je i jo\u0161 puno drugih doga\u0111aja zna\u010dajnih za Albance. U historiji albanskog naroda, 28. novembar, je jedan od najva\u017enijih datuma. To je&nbsp;Dan zastave i Dan progla\u0161enja nezavisnosti Albanije, a u vezi s tim datumom povezano je i jo\u0161 puno [&hellip;]<\/p>\n","protected":false},"author":59,"featured_media":19817,"comment_status":"closed","ping_status":"closed","sticky":false,"template":"","format":"standard","meta":{"inline_featured_image":false,"footnotes":""},"categories":[40,37],"tags":[],"class_list":{"0":"post-19814","1":"post","2":"type-post","3":"status-publish","4":"format-standard","5":"has-post-thumbnail","7":"category-region","8":"category-vijesti"},"acf":[],"_links":{"self":[{"href":"https:\/\/tvsensor.com\/api\/wp\/v2\/posts\/19814","targetHints":{"allow":["GET"]}}],"collection":[{"href":"https:\/\/tvsensor.com\/api\/wp\/v2\/posts"}],"about":[{"href":"https:\/\/tvsensor.com\/api\/wp\/v2\/types\/post"}],"author":[{"embeddable":true,"href":"https:\/\/tvsensor.com\/api\/wp\/v2\/users\/59"}],"replies":[{"embeddable":true,"href":"https:\/\/tvsensor.com\/api\/wp\/v2\/comments?post=19814"}],"version-history":[{"count":4,"href":"https:\/\/tvsensor.com\/api\/wp\/v2\/posts\/19814\/revisions"}],"predecessor-version":[{"id":19821,"href":"https:\/\/tvsensor.com\/api\/wp\/v2\/posts\/19814\/revisions\/19821"}],"wp:featuredmedia":[{"embeddable":true,"href":"https:\/\/tvsensor.com\/api\/wp\/v2\/media\/19817"}],"wp:attachment":[{"href":"https:\/\/tvsensor.com\/api\/wp\/v2\/media?parent=19814"}],"wp:term":[{"taxonomy":"category","embeddable":true,"href":"https:\/\/tvsensor.com\/api\/wp\/v2\/categories?post=19814"},{"taxonomy":"post_tag","embeddable":true,"href":"https:\/\/tvsensor.com\/api\/wp\/v2\/tags?post=19814"}],"curies":[{"name":"wp","href":"https:\/\/api.w.org\/{rel}","templated":true}]}}