{"id":19802,"date":"2020-11-28T09:35:08","date_gmt":"2020-11-28T08:35:08","guid":{"rendered":"https:\/\/senzor.ba\/?p=19802"},"modified":"2024-01-15T21:42:06","modified_gmt":"2024-01-15T20:42:06","slug":"lazovic-dodik-i-covic-pred-svijetom-pokazali-pravo-lice-vrijeme-za-sankcije","status":"publish","type":"post","link":"https:\/\/tvsensor.com\/clanak\/lazovic-dodik-i-covic-pred-svijetom-pokazali-pravo-lice-vrijeme-za-sankcije\/","title":{"rendered":"Lazovi\u0107: Dodik i \u010covi\u0107 pred svijetom pokazali pravo lice, vrijeme za sankcije"},"content":{"rendered":"\n<p>Nastup lidera SNSD-a Milorada Dodika i HDZ-a BiH Dragana \u010covi\u0107a pred ambasadorima Vije\u0107a sigurnosti UN totalni je poraz njihove politike koja zadnjih godina BiH dr\u017ei kao taoca.<\/p>\n\n\n\n<p>Poru\u010dio je ovo u razgovoru za Vijesti.ba \u010dlan Predsjedni\u0161tva Pokreta socijalne pravde i demokratije (SPD) i nekada\u0161nji predsjednik Skup\u0161tine RBiH&nbsp;Miro Lazovi\u0107.<br><br>&#8211; Mislim da je neformalna konferencija koju je re\u017eirao ruski ambasador pri Vije\u0107u sigurnosti UN do\u017eivjela potpuni krah nakon&nbsp;\u010covi\u0107evog, a pogotovo&nbsp;Dodikovog&nbsp;nastupa &#8211; rekao nam je Lazovi\u0107.<br><br>Bitnim nagla\u0161ava da su se ambasadori pri Vije\u0107u sigurnosti UN ogradili od tih njihovih stavova, te pru\u017eili punu podr\u0161ku visokom predstavniku&nbsp;Valentinu Inzku&nbsp;za njegov rad, ali i BiH kao cjelovitoj dr\u017eavi koja u narednom periodu treba da do\u017eivi odre\u0111ene transformacije ka gra\u0111anskoj dr\u017eavi.<br><br>&#8211; \u010covi\u0107ev i Dodikov nastup smatram totalnim porazom njihove politike koja posljednjih godina Bosnu i Hercegovinu dr\u017ei kao taoca. Dodik se u svom eufori\u010dnom nastupu toliko zanio kao da je govorio u \u0161atoru na nekoj svadbi u Lakta\u0161ima &#8211; isti\u010de Lazovi\u0107.<br><br>U te svoje politi\u010dke teze, dodaje, Dodik je uvukao i Hrvatsku kao \u010dlanicu EU, na na\u010din da ta zemlja derogira vrijednosti Brisela i EU. Dodiku \u0107e se to, mi\u0161ljenja je na\u0161 sagovornik, vjerovatno obiti o glavu.<br><br>&#8211; Ali to je isto tako patka Draganu \u010covi\u0107u koji stalno govori da on i njegov HNS europeiziraju BiH, a svojim nastupom potvr\u0111uje da radi suprotno &#8211; ocjenjuje Lazovi\u0107.<br><br>Primje\u0107uje da \u010covi\u0107 nijednom jedinom rije\u010dju nije spomenuo presudu Suda za ljudska prava u Strasbourgu u slu\u010daju &#8220;Sejdi\u0107 i Finci&#8221;, koja je krucijalna, neophodna i od koje se ne\u0107e mo\u0107i pobje\u0107i u budu\u0107im transformacijama Ustava BiH.<br><br>&#8211; I jedan i drugi pred svijetom su pokazali onakvo svoje lice koje mi poznajemo ve\u0107 dugi niz godina. Dobro je da je organizirana ta konferencija, da se svijet uvjeri kakve su retrogradne i anahrone politike jo\u0161 uvijek prisutne u BiH, koje su u potpunosti suprotne evropskim principima i standardima &#8211; konstatuje Lazovi\u0107.<br><br>Ocjenjuje da posljednji napadi na Inzka mogu potaknuti me\u0111unarodnu zajednicu da poduzme ozbiljnije korake u rje\u0161avanju problema u BiH.<br><br>&#8211; Vrijeme je zaista da se me\u0111unarodna zajednica puno vi\u0161e aktivira i uozbilji zbog blokada i ko\u010dnica koje tandem \u010covi\u0107-Dodik postavlja na putu BiH ka EU i NATO-u. Ja o\u010dekujem da \u0107e, prije svega, ameri\u010dka administracija sa&nbsp;Bidenom&nbsp;na \u010delu i u dogovoru i zajedni\u0161tvu sa EU, poduzeti aktivnosti koje su neophodne da se otklone te blokade &#8211; govori Lazovi\u0107.<br><br>Vjeruje i da \u0107e Inzko, nakon svih silnih napada i uvreda koje je na negov ra\u010dun pred o\u010dima svjetske javnosti iznio Dodik, dobiti zna\u010dajniju podr\u0161ku od zemalja \u010dlanica Vije\u0107a za implementaciju mira (PIC), na na\u010din da mo\u017eda i po\u010dne koristiti bonske ovlasti.<br><br>&#8211; Mislim da je do\u0161lo vrijeme da me\u0111unarodna zajednica mora, ne samo etiketirati politi\u010dare u BiH, ve\u0107 ih i na neki na\u010din sankcionirati zbog opstrukcija i blokada na reformskom putu BiH &#8211; zaklju\u010duje Lazovi\u0107 u razgovoru za Vijesti.ba.<br><br><br>D.K.<\/p>\n","protected":false},"excerpt":{"rendered":"<p>Nastup lidera SNSD-a Milorada Dodika i HDZ-a BiH Dragana \u010covi\u0107a pred ambasadorima Vije\u0107a sigurnosti UN totalni je poraz njihove politike koja zadnjih godina BiH dr\u017ei kao taoca. Poru\u010dio je ovo u razgovoru za Vijesti.ba \u010dlan Predsjedni\u0161tva Pokreta socijalne pravde i demokratije (SPD) i nekada\u0161nji predsjednik Skup\u0161tine RBiH&nbsp;Miro Lazovi\u0107. &#8211; Mislim da je neformalna konferencija koju [&hellip;]<\/p>\n","protected":false},"author":59,"featured_media":19803,"comment_status":"closed","ping_status":"closed","sticky":false,"template":"","format":"standard","meta":{"inline_featured_image":false,"footnotes":""},"categories":[234,37],"tags":[],"class_list":{"0":"post-19802","1":"post","2":"type-post","3":"status-publish","4":"format-standard","5":"has-post-thumbnail","7":"category-politika","8":"category-vijesti"},"acf":[],"_links":{"self":[{"href":"https:\/\/tvsensor.com\/api\/wp\/v2\/posts\/19802","targetHints":{"allow":["GET"]}}],"collection":[{"href":"https:\/\/tvsensor.com\/api\/wp\/v2\/posts"}],"about":[{"href":"https:\/\/tvsensor.com\/api\/wp\/v2\/types\/post"}],"author":[{"embeddable":true,"href":"https:\/\/tvsensor.com\/api\/wp\/v2\/users\/59"}],"replies":[{"embeddable":true,"href":"https:\/\/tvsensor.com\/api\/wp\/v2\/comments?post=19802"}],"version-history":[{"count":1,"href":"https:\/\/tvsensor.com\/api\/wp\/v2\/posts\/19802\/revisions"}],"predecessor-version":[{"id":19804,"href":"https:\/\/tvsensor.com\/api\/wp\/v2\/posts\/19802\/revisions\/19804"}],"wp:featuredmedia":[{"embeddable":true,"href":"https:\/\/tvsensor.com\/api\/wp\/v2\/media\/19803"}],"wp:attachment":[{"href":"https:\/\/tvsensor.com\/api\/wp\/v2\/media?parent=19802"}],"wp:term":[{"taxonomy":"category","embeddable":true,"href":"https:\/\/tvsensor.com\/api\/wp\/v2\/categories?post=19802"},{"taxonomy":"post_tag","embeddable":true,"href":"https:\/\/tvsensor.com\/api\/wp\/v2\/tags?post=19802"}],"curies":[{"name":"wp","href":"https:\/\/api.w.org\/{rel}","templated":true}]}}