{"id":19794,"date":"2020-11-28T09:24:12","date_gmt":"2020-11-28T08:24:12","guid":{"rendered":"https:\/\/senzor.ba\/?p=19794"},"modified":"2024-01-15T21:42:06","modified_gmt":"2024-01-15T20:42:06","slug":"akcija-prikupljanja-lektira-za-podrucnu-skolu-u-potocarima","status":"publish","type":"post","link":"https:\/\/tvsensor.com\/clanak\/akcija-prikupljanja-lektira-za-podrucnu-skolu-u-potocarima\/","title":{"rendered":"Akcija prikupljanja lektira za podru\u010dnu \u0161kolu u Poto\u010darima"},"content":{"rendered":"\n<p>Podru\u010dnu \u0161kolu u Poto\u010darima kod Srebrenice poha\u0111a oko 120 u\u010denika iz povratni\u010dkih porodica. Uslovi za poha\u0111anje nastave u \u0161koli nisu dobri, a u\u010denicima nedostaju i knjige, prije svega obavezne \u0161kolske lektire, javlja Anadolu Agency (AA).<\/p>\n\n\n\n<p>Mladi profesor historije i uposlenik Memorijalnog centra Poto\u010dari &#8211; Srebrenica Ahmo Mehmedovi\u0107 u saradnji s uposlenicima Podru\u010dne \u0161kole Poto\u010dari pokrenuo je akciju prikupljanja knjiga za u\u010denike ove \u0161kole.<\/p>\n\n\n\n<p>&#8220;Mene je kontaktirala u\u010diteljica da pita imamo li odre\u0111ene naslove lektira u biblioteci Memorijalnog centra. Razgovarali smo i odlu\u010dili smo da pokrenem akciju na Twitteru i da poku\u0161amo da prikupimo te naslove kako bi stalno bili dio biblioteke u \u0161koli u Poto\u010darima&#8221;, ka\u017ee Mehmedovi\u0107, koji o\u010dekuje da \u0107e se mladi, odgovorni i humani ljudi uklju\u010diti u akciju.<\/p>\n\n\n\n<p>On je poziv podijelio na dru\u0161tvenoj mre\u017ei Twitter znaju\u0107i da \u0107e se mnogo mladih ljudi, odgovornih i humanih priklju\u010diti akciji i da \u0107e zajedno \u0161to skorije prikupiti potrebne naslove.<\/p>\n\n\n\n<p>&#8220;Nadam se da \u0107e akcija biti uspje\u0161na i da \u0107emo ubrzo skupiti ove naslove i donirati biblioteci&#8221;, isti\u010de Mehmedovi\u0107.<\/p>\n\n\n\n<p>Prema rije\u010dima Mehmedovi\u0107a, cilj je da se u\u010denicima obezbjede lektire kako ne bi zaostajali s gradivom.<\/p>\n\n\n\n<p>&#8220;Ukoliko neko \u017eeli, mo\u017ee predati i knjige koje nisu lektire s ciljem da se obogati biblioteka podru\u010dne \u0161kole u Poto\u010dari. Ovo je adresa \u0161kole na koju mogu slati svoje knjige: JU O\u0160 &#8220;Prva osnovna \u0161kola&#8221; &#8211; Podru\u010dna \u0161kola Poto\u010dari, Poto\u010dari bb Srebrenica 75430, a mogu se javiti i nastavnici Edisi Hrnji\u010di\u0107 Mehmedanovi\u0107 putem Facebook profila&#8221;, poru\u010dio je Mehmedovi\u0107.<\/p>\n\n\n\n<p>Neki od naslova lektira koje nedostaju djeci u Poto\u010darima su &#8220;Du\u0107an kod svrake&#8221; Sun\u010dane \u0160krinjari\u0107 (10 komada), &#8220;Vezena torbica&#8221; \u0160ime E\u0161i\u0107a (11 komada), &#8220;Idi pa vidi&#8221; Stanislava Femini\u0107a (13 komada), &#8220;Djeca triju ulica&#8221; Ned\u017eatija Zekerija (10 komada), &#8220;Plavi vjetar&#8221; Ivice Vanje Rori\u0107 (20 komada), &#8220;Jesen u gradu&#8221; Ismeta Bekri\u0107a, &#8220;Putovanje plave strijele&#8221; Giannija Rodarija, &#8220;Tiha rijeka djetinjstva&#8221; Alije Dubo\u010danina, &#8220;Medin ro\u0111endan&#8221; Zehre Hubijar&#8230;<\/p>\n","protected":false},"excerpt":{"rendered":"<p>Podru\u010dnu \u0161kolu u Poto\u010darima kod Srebrenice poha\u0111a oko 120 u\u010denika iz povratni\u010dkih porodica. Uslovi za poha\u0111anje nastave u \u0161koli nisu dobri, a u\u010denicima nedostaju i knjige, prije svega obavezne \u0161kolske lektire, javlja Anadolu Agency (AA). Mladi profesor historije i uposlenik Memorijalnog centra Poto\u010dari &#8211; Srebrenica Ahmo Mehmedovi\u0107 u saradnji s uposlenicima Podru\u010dne \u0161kole Poto\u010dari pokrenuo [&hellip;]<\/p>\n","protected":false},"author":59,"featured_media":19795,"comment_status":"closed","ping_status":"closed","sticky":false,"template":"","format":"standard","meta":{"inline_featured_image":false,"footnotes":""},"categories":[52],"tags":[],"class_list":{"0":"post-19794","1":"post","2":"type-post","3":"status-publish","4":"format-standard","5":"has-post-thumbnail","7":"category-obrazovanje"},"acf":[],"_links":{"self":[{"href":"https:\/\/tvsensor.com\/api\/wp\/v2\/posts\/19794","targetHints":{"allow":["GET"]}}],"collection":[{"href":"https:\/\/tvsensor.com\/api\/wp\/v2\/posts"}],"about":[{"href":"https:\/\/tvsensor.com\/api\/wp\/v2\/types\/post"}],"author":[{"embeddable":true,"href":"https:\/\/tvsensor.com\/api\/wp\/v2\/users\/59"}],"replies":[{"embeddable":true,"href":"https:\/\/tvsensor.com\/api\/wp\/v2\/comments?post=19794"}],"version-history":[{"count":1,"href":"https:\/\/tvsensor.com\/api\/wp\/v2\/posts\/19794\/revisions"}],"predecessor-version":[{"id":19796,"href":"https:\/\/tvsensor.com\/api\/wp\/v2\/posts\/19794\/revisions\/19796"}],"wp:featuredmedia":[{"embeddable":true,"href":"https:\/\/tvsensor.com\/api\/wp\/v2\/media\/19795"}],"wp:attachment":[{"href":"https:\/\/tvsensor.com\/api\/wp\/v2\/media?parent=19794"}],"wp:term":[{"taxonomy":"category","embeddable":true,"href":"https:\/\/tvsensor.com\/api\/wp\/v2\/categories?post=19794"},{"taxonomy":"post_tag","embeddable":true,"href":"https:\/\/tvsensor.com\/api\/wp\/v2\/tags?post=19794"}],"curies":[{"name":"wp","href":"https:\/\/api.w.org\/{rel}","templated":true}]}}