{"id":19771,"date":"2020-11-27T13:27:48","date_gmt":"2020-11-27T12:27:48","guid":{"rendered":"https:\/\/senzor.ba\/?p=19771"},"modified":"2024-01-15T21:42:06","modified_gmt":"2024-01-15T20:42:06","slug":"od-novembra-naredne-godine-u-ks-u-trebala-bi-biti-uvedena-zabrana-koristenja-uglja","status":"publish","type":"post","link":"https:\/\/tvsensor.com\/clanak\/od-novembra-naredne-godine-u-ks-u-trebala-bi-biti-uvedena-zabrana-koristenja-uglja\/","title":{"rendered":"Od novembra naredne godine u KS-u trebala bi biti uvedena zabrana kori\u0161tenja uglja"},"content":{"rendered":"\n<p>Kanton Sarajevo pokrenuo je izradu Akcionog plana strategije ograni\u010denja kori\u0161tenja \u010dvrstih goriva za period 2021-2031. godina.<\/p>\n\n\n\n<p>Odluka o izmjenama i dopunama odluke o za\u0161titi i pobolj\u0161anju kvaliteta zraka u Kantonu Sarajevo, koju je utvrdila ju\u010der Vlada KS, obavezuje da se Akcionim planom uvrsti i zabrana posjedovanja i kori\u0161tenja uglja u individualnim i kolektivnim objektima za stanovanje, te privrednim i objektima dru\u0161tvene infrastrukture na podru\u010dju KS.<\/p>\n\n\n\n<p>&#8220;Akcionim planom \u0107e biti jasno definisano ko, \u0161ta i u kojem vremenskom periodu treba uraditi kada je rije\u010d o moratoriju na&nbsp; kori\u0161tenje \u010dvrstih goriva.&nbsp; U prvom redu se to odnosi na zabranu posjedovanja i kori\u0161tenja uglja, dok \u0107e se neke druge mjere uvoditi postepeno, s obzirom da je rije\u010d o desetogodi\u0161njem planu. Ukoliko se ispo\u0161tuju sve mjere iz Akcionog plana, zabrana posjedovanja i kori\u0161tenja uglja uvodi se od 1. novembra 2021. godine&#8221;, naveo je ministar prostornog ure\u0111enja gra\u0111enja i za\u0161tite okoli\u0161a KS Faruk Kapid\u017ei\u0107.<\/p>\n\n\n\n<p>Plan \u0107e utvrditi i iznos finansijskih sredstava sa subvencioniranje i dinamiku realizacije obaveza u vezi sa moratorijem kori\u0161tenja uglja.<\/p>\n\n\n\n<p>Kako je obrazlo\u017eio Kapid\u017ei\u0107, u izradu i implementaciju Akcionog plana bit \u0107e uklju\u010deni svi organi i institucije u Kantonu Sarajevo, pod rukovodstvom stru\u010dne komisije koju \u0107e formirati Ministarstvo prostornog ure\u0111enja, gra\u0111enja i za\u0161tite okoli\u0161a KS.<\/p>\n\n\n\n<p>Zadu\u017eeni su svi organi i institucije u KS da pristupe stvaranju pravnih pretpostavki za ograni\u010denje kori\u0161tenja \u010dvrstih goriva, a koje se prije svega odnose na iniciranje izmjena i dopuna odgovaraju\u0107ih zakonskih i podzakonskih propisa na nivou FBiH, ali i izmjene i dopune, kao i dono\u0161enje novih propisa u Kantonu Sarajevo.<\/p>\n\n\n\n<p>Kako je navedeno, posebno treba voditi ra\u010duna da se utvrde dodatne nadle\u017enosti inspekcije i Ministarstva unutra\u0161njih poslova KS u vezi nadzora nad primjenom mjere zabrane posjedovanja i kori\u0161tenja uglja.<\/p>\n\n\n\n<p>Vlada \u0107e donijeti odluku o zabrani posjedovanja i kori\u0161tenja uglja, nakon \u0161to se ispo\u0161tuju mjere iz Akcionog plana.<\/p>\n\n\n\n<p>Izvor: AA<\/p>\n","protected":false},"excerpt":{"rendered":"<p>Kanton Sarajevo pokrenuo je izradu Akcionog plana strategije ograni\u010denja kori\u0161tenja \u010dvrstih goriva za period 2021-2031. godina. Odluka o izmjenama i dopunama odluke o za\u0161titi i pobolj\u0161anju kvaliteta zraka u Kantonu Sarajevo, koju je utvrdila ju\u010der Vlada KS, obavezuje da se Akcionim planom uvrsti i zabrana posjedovanja i kori\u0161tenja uglja u individualnim i kolektivnim objektima za [&hellip;]<\/p>\n","protected":false},"author":7,"featured_media":19772,"comment_status":"closed","ping_status":"closed","sticky":false,"template":"","format":"standard","meta":{"inline_featured_image":false,"footnotes":""},"categories":[37,38],"tags":[],"class_list":{"0":"post-19771","1":"post","2":"type-post","3":"status-publish","4":"format-standard","5":"has-post-thumbnail","7":"category-vijesti","8":"category-vijesti-iz-bih"},"acf":[],"_links":{"self":[{"href":"https:\/\/tvsensor.com\/api\/wp\/v2\/posts\/19771","targetHints":{"allow":["GET"]}}],"collection":[{"href":"https:\/\/tvsensor.com\/api\/wp\/v2\/posts"}],"about":[{"href":"https:\/\/tvsensor.com\/api\/wp\/v2\/types\/post"}],"author":[{"embeddable":true,"href":"https:\/\/tvsensor.com\/api\/wp\/v2\/users\/7"}],"replies":[{"embeddable":true,"href":"https:\/\/tvsensor.com\/api\/wp\/v2\/comments?post=19771"}],"version-history":[{"count":2,"href":"https:\/\/tvsensor.com\/api\/wp\/v2\/posts\/19771\/revisions"}],"predecessor-version":[{"id":19774,"href":"https:\/\/tvsensor.com\/api\/wp\/v2\/posts\/19771\/revisions\/19774"}],"wp:featuredmedia":[{"embeddable":true,"href":"https:\/\/tvsensor.com\/api\/wp\/v2\/media\/19772"}],"wp:attachment":[{"href":"https:\/\/tvsensor.com\/api\/wp\/v2\/media?parent=19771"}],"wp:term":[{"taxonomy":"category","embeddable":true,"href":"https:\/\/tvsensor.com\/api\/wp\/v2\/categories?post=19771"},{"taxonomy":"post_tag","embeddable":true,"href":"https:\/\/tvsensor.com\/api\/wp\/v2\/tags?post=19771"}],"curies":[{"name":"wp","href":"https:\/\/api.w.org\/{rel}","templated":true}]}}