{"id":19759,"date":"2020-11-27T12:58:13","date_gmt":"2020-11-27T11:58:13","guid":{"rendered":"https:\/\/senzor.ba\/?p=19759"},"modified":"2024-01-15T21:42:07","modified_gmt":"2024-01-15T20:42:07","slug":"nacionalisti-ne-mrze-samo-drugi-narod-mrze-svoje-pripadnike-koji-ne-mrze-druge","status":"publish","type":"post","link":"https:\/\/tvsensor.com\/clanak\/nacionalisti-ne-mrze-samo-drugi-narod-mrze-svoje-pripadnike-koji-ne-mrze-druge\/","title":{"rendered":"Nacionalisti ne mrze samo drugi narod, mrze svoje pripadnike koji ne mrze druge"},"content":{"rendered":"\n<p>Govore\u0107i o situaciji u Bosni i Hercegovini i bujanju nacionalizma, \u010dlan posljednjeg Predsjedni\u0161tva SFRJ i vjerovatni budu\u0107i gradona\u010delnik Sarajeva Bogi\u0107 Bogi\u0107evi\u0107, je kazao da \u0107e takvo stanje jo\u0161 potrajati.<\/p>\n\n\n\n<p>&#8221;Li\u010dno mislim da \u0107e to jo\u0161 potrajati jer su duboki korijeni podjela i duboka je ta manipulacijama ljudima. Nacionalisti i \u0161ovinisti ne mrze samo drugi narod ve\u0107 jo\u0161 vi\u0161e mrze pripadnike svog naroda koji ne mrze druge. Ljudi su od nacije napravili profesiju i zato vrijeme ne radi za Bosnu i Hercegovinu, ali pomaci su siguran sam, nu\u017eni&#8221;, istakao je on u Pressingu sino\u0107 uz poruku da \u0107e svima biti bolje kada nacionalizam i fa\u0161izam odu.<\/p>\n\n\n\n<p>Bogi\u0107evi\u0107 je govorio i o svojoj ulozi s po\u010detka devedesetih, budu\u0107nosti Bosne i Hercegovine te ostalim temama. <\/p>\n\n\n\n<figure class=\"wp-block-embed-youtube wp-block-embed is-type-video is-provider-youtube wp-embed-aspect-16-9 wp-has-aspect-ratio\"><div class=\"wp-block-embed__wrapper\">\n<iframe loading=\"lazy\" title=\"N1 Pressing: Bogi\u0107 Bogi\u0107evi\u0107 (25.11.2020.)\" width=\"696\" height=\"392\" src=\"https:\/\/www.youtube.com\/embed\/lFW_vY-J8_o?feature=oembed&#038;enablejsapi=1\" frameborder=\"0\" allow=\"accelerometer; autoplay; clipboard-write; encrypted-media; gyroscope; picture-in-picture\" allowfullscreen><\/iframe>\n<\/div><\/figure>\n\n\n\n<p>N1<\/p>\n","protected":false},"excerpt":{"rendered":"<p>Govore\u0107i o situaciji u Bosni i Hercegovini i bujanju nacionalizma, \u010dlan posljednjeg Predsjedni\u0161tva SFRJ i vjerovatni budu\u0107i gradona\u010delnik Sarajeva Bogi\u0107 Bogi\u0107evi\u0107, je kazao da \u0107e takvo stanje jo\u0161 potrajati. &#8221;Li\u010dno mislim da \u0107e to jo\u0161 potrajati jer su duboki korijeni podjela i duboka je ta manipulacijama ljudima. Nacionalisti i \u0161ovinisti ne mrze samo drugi narod [&hellip;]<\/p>\n","protected":false},"author":59,"featured_media":19760,"comment_status":"closed","ping_status":"closed","sticky":false,"template":"","format":"video","meta":{"inline_featured_image":false,"footnotes":""},"categories":[75,72],"tags":[],"class_list":{"0":"post-19759","1":"post","2":"type-post","3":"status-publish","4":"format-video","5":"has-post-thumbnail","7":"category-intervju","8":"category-video-galerija","9":"post_format-post-format-video"},"acf":[],"_links":{"self":[{"href":"https:\/\/tvsensor.com\/api\/wp\/v2\/posts\/19759","targetHints":{"allow":["GET"]}}],"collection":[{"href":"https:\/\/tvsensor.com\/api\/wp\/v2\/posts"}],"about":[{"href":"https:\/\/tvsensor.com\/api\/wp\/v2\/types\/post"}],"author":[{"embeddable":true,"href":"https:\/\/tvsensor.com\/api\/wp\/v2\/users\/59"}],"replies":[{"embeddable":true,"href":"https:\/\/tvsensor.com\/api\/wp\/v2\/comments?post=19759"}],"version-history":[{"count":2,"href":"https:\/\/tvsensor.com\/api\/wp\/v2\/posts\/19759\/revisions"}],"predecessor-version":[{"id":19762,"href":"https:\/\/tvsensor.com\/api\/wp\/v2\/posts\/19759\/revisions\/19762"}],"wp:featuredmedia":[{"embeddable":true,"href":"https:\/\/tvsensor.com\/api\/wp\/v2\/media\/19760"}],"wp:attachment":[{"href":"https:\/\/tvsensor.com\/api\/wp\/v2\/media?parent=19759"}],"wp:term":[{"taxonomy":"category","embeddable":true,"href":"https:\/\/tvsensor.com\/api\/wp\/v2\/categories?post=19759"},{"taxonomy":"post_tag","embeddable":true,"href":"https:\/\/tvsensor.com\/api\/wp\/v2\/tags?post=19759"}],"curies":[{"name":"wp","href":"https:\/\/api.w.org\/{rel}","templated":true}]}}