{"id":19755,"date":"2020-11-27T11:16:25","date_gmt":"2020-11-27T10:16:25","guid":{"rendered":"https:\/\/senzor.ba\/?p=19755"},"modified":"2024-01-15T21:42:07","modified_gmt":"2024-01-15T20:42:07","slug":"predsjednik-kantonalnog-suda-ks-optuzen-za-zlostavljanje-i-uznemiravanje","status":"publish","type":"post","link":"https:\/\/tvsensor.com\/clanak\/predsjednik-kantonalnog-suda-ks-optuzen-za-zlostavljanje-i-uznemiravanje\/","title":{"rendered":"Predsjednik Kantonalnog suda KS optu\u017een za zlostavljanje i uznemiravanje"},"content":{"rendered":"\n<p>Tu\u017eitelj Tu\u017eiteljstva BiH, podigao je optu\u017enicu protiv predsjednika Kantonalnog suda u Sarajevu Vladimira \u0160poljari\u0107a, koji se tereti da je tokom obavljanja du\u017enosti vr\u0161io nasilje, uznemiranja i seksualno uznemiravanje.<\/p>\n\n\n\n<p>Optu\u017eeni \u0160poljari\u0107, ro\u0111en 1957. godine u Sarajevu, tereti se da je&nbsp;tijekom 2018. i 2019. godine, kada je obna\u0161ao du\u017enost vr\u0161telja du\u017enosti, a kasnije i predsjednika Kantonalnog suda u Sarajevu, kontinuirano i u vi\u0161e navrata, neprimjerenim djelima i postupcima, vr\u0161io nasilje, uznemiravanje i seksualno uznemiravanje kojim je ugrozio mir, du\u0161evno zdravlje i tjelesni integritet uposlenice Kantonalnog suda u Sarajevu, koja mu je u vi\u0161e navrata ukazivala na nepo\u017eeljnost i neprimjerenost njegovih postupaka, saop\u0161teno je iz Tu\u017eila\u0161tva BiH.<\/p>\n\n\n\n<p>Tokom seksualnog uznemiravanja i zlostavljanja, optu\u017eeni je o\u0161te\u0107enoj u svojstvu nadre\u0111enog, upu\u0107ivao prijetnje ugro\u017eavanjem njezinog uposlenja i egzistencije, te vi\u0161estrukim neprimjerenim postupcima, doveo do ozbiljnog ugro\u017eavanja tjelesnog i du\u0161evnog zdravlja o\u0161te\u0107ene.<\/p>\n\n\n\n<p>Optu\u017eeni se tereti da je na temelju spola vr\u0161io nasilje, uznemiravanje i seksualno uznemiravanje kojim je ugrozio mir, du\u0161evno zdravlje i tjelesni integritet druge osobe, \u010dime je, po\u010dinio kazneno djelo iz \u010dlanka 29. Zakona o ravnopravnosti polova BiH,<\/p>\n\n\n\n<p>Po\u010dinjeno kazneno djelo protivno je doma\u0107im i me\u0111unarodnim konvencijama i aktima kojima se garantira sigurnost \u017eivota i zdravlja i za\u0161tite pojedinca od spolne diskriminacije.<\/p>\n\n\n\n<p>Navode optu\u017enice tu\u017eiteljstvo \u0107e dokazivati pozivanjem 15 svjedoka i stru\u010dnih vje\u0161taka, te prilaganjem ve\u0107eg broja materijalnih dokaza.<\/p>\n\n\n\n<p>Optu\u017enica je proslije\u0111ena na potvr\u0111ivanje Sudu BiH.<\/p>\n\n\n\n<p>Izvor: AA<\/p>\n","protected":false},"excerpt":{"rendered":"<p>Tu\u017eitelj Tu\u017eiteljstva BiH, podigao je optu\u017enicu protiv predsjednika Kantonalnog suda u Sarajevu Vladimira \u0160poljari\u0107a, koji se tereti da je tokom obavljanja du\u017enosti vr\u0161io nasilje, uznemiranja i seksualno uznemiravanje. Optu\u017eeni \u0160poljari\u0107, ro\u0111en 1957. godine u Sarajevu, tereti se da je&nbsp;tijekom 2018. i 2019. godine, kada je obna\u0161ao du\u017enost vr\u0161telja du\u017enosti, a kasnije i predsjednika Kantonalnog suda [&hellip;]<\/p>\n","protected":false},"author":7,"featured_media":19756,"comment_status":"closed","ping_status":"closed","sticky":false,"template":"","format":"standard","meta":{"inline_featured_image":false,"footnotes":""},"categories":[37,38],"tags":[],"class_list":{"0":"post-19755","1":"post","2":"type-post","3":"status-publish","4":"format-standard","5":"has-post-thumbnail","7":"category-vijesti","8":"category-vijesti-iz-bih"},"acf":[],"_links":{"self":[{"href":"https:\/\/tvsensor.com\/api\/wp\/v2\/posts\/19755","targetHints":{"allow":["GET"]}}],"collection":[{"href":"https:\/\/tvsensor.com\/api\/wp\/v2\/posts"}],"about":[{"href":"https:\/\/tvsensor.com\/api\/wp\/v2\/types\/post"}],"author":[{"embeddable":true,"href":"https:\/\/tvsensor.com\/api\/wp\/v2\/users\/7"}],"replies":[{"embeddable":true,"href":"https:\/\/tvsensor.com\/api\/wp\/v2\/comments?post=19755"}],"version-history":[{"count":2,"href":"https:\/\/tvsensor.com\/api\/wp\/v2\/posts\/19755\/revisions"}],"predecessor-version":[{"id":19758,"href":"https:\/\/tvsensor.com\/api\/wp\/v2\/posts\/19755\/revisions\/19758"}],"wp:featuredmedia":[{"embeddable":true,"href":"https:\/\/tvsensor.com\/api\/wp\/v2\/media\/19756"}],"wp:attachment":[{"href":"https:\/\/tvsensor.com\/api\/wp\/v2\/media?parent=19755"}],"wp:term":[{"taxonomy":"category","embeddable":true,"href":"https:\/\/tvsensor.com\/api\/wp\/v2\/categories?post=19755"},{"taxonomy":"post_tag","embeddable":true,"href":"https:\/\/tvsensor.com\/api\/wp\/v2\/tags?post=19755"}],"curies":[{"name":"wp","href":"https:\/\/api.w.org\/{rel}","templated":true}]}}