{"id":19730,"date":"2020-11-27T08:36:13","date_gmt":"2020-11-27T07:36:13","guid":{"rendered":"https:\/\/senzor.ba\/?p=19730"},"modified":"2024-01-15T21:42:07","modified_gmt":"2024-01-15T20:42:07","slug":"bolan-i-emotivan-govor-muderrisa-na-dzenazi-kcerke-nudzejme-ganuo-je-mnoge-kada-sam-je-poljubio-ona-kao-da-je-zaspala","status":"publish","type":"post","link":"https:\/\/tvsensor.com\/clanak\/bolan-i-emotivan-govor-muderrisa-na-dzenazi-kcerke-nudzejme-ganuo-je-mnoge-kada-sam-je-poljubio-ona-kao-da-je-zaspala\/","title":{"rendered":"Bolan i emotivan govor Muderrisa na d\u017eenazi k\u0107erke Nud\u017eejme ganuo je mnoge: Kada sam je poljubio, ona kao da je zaspala"},"content":{"rendered":"\n<p><strong>Nud\u017eejma Halilovi\u0107-Voloder, k\u0107erka Nezima Halilovi\u0107a Muderrisa ratnog komandira i bosanskohercegova\u010dkog hatiba, preminula je ju\u010der u 25. godini.<\/strong><\/p>\n\n\n\n<p><em>Ju\u010der je Nud\u017eejmi klanjana d\u017eenaza u Konjicu, a rije\u010di njenog oca koje je uputio mnoge su pogodile. Hvala uzvi\u0161enom Gospodaru koji daje \u017eivot i smrt, koji nas obraduje evladima, a onda nas isku\u0161a njihovim oduzimanjem. Na\u0161a djeca su nam poklonjena od Gospodara na \u010duvanje.<\/em><\/p>\n\n\n\n<p><em>Hvala vam svima \u0161to ste do\u0161li da klanjate d\u017eenazu namaz i bit \u0107e mi \u017eao ako bilo ko od vas pokupi virus ili bude uznemiren. Na smrtovnici smo napisali da vas molimo da d\u017eenaza bude \u0161to u u\u017eem krugu, ali mnogi ste to prekr\u0161ili. Zvali su me iz kabineta uva\u017eenog reisa Huseina ef. Kavazovi\u0107a i kazali da je odlo\u017eio seminar u Zenici, jer je \u017eelio da bude uz mene i moju porodicu. Hvala vam.<\/em><\/p>\n\n\n\n<figure class=\"wp-block-image\"><img decoding=\"async\" src=\"https:\/\/static.hayat.ba\/2020\/11\/nudzejma-otac11111.jpg\" alt=\"\"\/><\/figure>\n\n\n\n<p><em>Moja rahmetli Nud\u017eejma je ro\u0111ena ta\u010dno prije 25 godina i devet i pol mjeseci. To jutro 9. februara kada sam u Jablanici imao postrojavanje molio sam suprugu da se ne pora\u0111a taj dan. Ipak je rodila, u devet sati sam poljubio moju suprugu, a mislim da sam poljubio i moju Nud\u017eejmu. Ovo dijete moje nekako mi se uvukla pod ko\u017eu i naj\u010de\u0161\u0107e kada bi sjedili sa moje \u010detvero djece, ona bi me zagrlila i rekla\u201cJelde babo ti mene najvi\u0161e voli\u0161?\u201c. Nikada nisam odgovorio na to pitanje. Zvao sam je sinom kao i k\u0107erku Sad\u017eidu, moja supruga je inzistirala da ugasuli svoje dijete i to je uradila sa na\u0161om drugom k\u0107erkom. Kada sam poljubio sa sinovima moju Nud\u017eejmu, ona kao da je zaspala, \u010dini mi se da je bila ljep\u0161a prije nego \u0161to se razboljela. Nekako sam naj\u010de\u0161\u0107e gledao u nju jer me posje\u0107ala na rahmetli moju majku Ajku. Ovo moje dijete kada je preselilo ovo je za mene i moju porodicu veliki ispit \u2013 dio je govora Muderrisa<\/em>.<\/p>\n\n\n\n<p>Nud\u017eejma je hospitalizirana prije nekoliko dana zbog tromba koji se odrazio na mozak, te je bila u intenzivnoj njezi. Uprkos naporima ljekara nije dobila bitku za \u017eivot.<\/p>\n\n\n\n<p>Govor poslu\u0161ajte\u00a0<a href=\"https:\/\/fb.watch\/20qCgcm3-L\/\">OVDJE<\/a>.<\/p>\n","protected":false},"excerpt":{"rendered":"<p>Nud\u017eejma Halilovi\u0107-Voloder, k\u0107erka Nezima Halilovi\u0107a Muderrisa ratnog komandira i bosanskohercegova\u010dkog hatiba, preminula je ju\u010der u 25. godini. Ju\u010der je Nud\u017eejmi klanjana d\u017eenaza u Konjicu, a rije\u010di njenog oca koje je uputio mnoge su pogodile. Hvala uzvi\u0161enom Gospodaru koji daje \u017eivot i smrt, koji nas obraduje evladima, a onda nas isku\u0161a njihovim oduzimanjem. Na\u0161a djeca su [&hellip;]<\/p>\n","protected":false},"author":59,"featured_media":19615,"comment_status":"closed","ping_status":"closed","sticky":false,"template":"","format":"standard","meta":{"inline_featured_image":false,"footnotes":""},"categories":[43],"tags":[],"class_list":{"0":"post-19730","1":"post","2":"type-post","3":"status-publish","4":"format-standard","5":"has-post-thumbnail","7":"category-bih"},"acf":[],"_links":{"self":[{"href":"https:\/\/tvsensor.com\/api\/wp\/v2\/posts\/19730","targetHints":{"allow":["GET"]}}],"collection":[{"href":"https:\/\/tvsensor.com\/api\/wp\/v2\/posts"}],"about":[{"href":"https:\/\/tvsensor.com\/api\/wp\/v2\/types\/post"}],"author":[{"embeddable":true,"href":"https:\/\/tvsensor.com\/api\/wp\/v2\/users\/59"}],"replies":[{"embeddable":true,"href":"https:\/\/tvsensor.com\/api\/wp\/v2\/comments?post=19730"}],"version-history":[{"count":4,"href":"https:\/\/tvsensor.com\/api\/wp\/v2\/posts\/19730\/revisions"}],"predecessor-version":[{"id":19738,"href":"https:\/\/tvsensor.com\/api\/wp\/v2\/posts\/19730\/revisions\/19738"}],"wp:featuredmedia":[{"embeddable":true,"href":"https:\/\/tvsensor.com\/api\/wp\/v2\/media\/19615"}],"wp:attachment":[{"href":"https:\/\/tvsensor.com\/api\/wp\/v2\/media?parent=19730"}],"wp:term":[{"taxonomy":"category","embeddable":true,"href":"https:\/\/tvsensor.com\/api\/wp\/v2\/categories?post=19730"},{"taxonomy":"post_tag","embeddable":true,"href":"https:\/\/tvsensor.com\/api\/wp\/v2\/tags?post=19730"}],"curies":[{"name":"wp","href":"https:\/\/api.w.org\/{rel}","templated":true}]}}