{"id":19727,"date":"2020-11-27T08:29:36","date_gmt":"2020-11-27T07:29:36","guid":{"rendered":"https:\/\/senzor.ba\/?p=19727"},"modified":"2024-01-15T21:42:07","modified_gmt":"2024-01-15T20:42:07","slug":"zlo-od-covjeka-tegeltija-kad-bi-ubio-covjeka-rekao-bi-da-je-sve-cisto-kao-suza-mektic-osuo-paljbu-na-drustvenim-mrezama","status":"publish","type":"post","link":"https:\/\/tvsensor.com\/clanak\/zlo-od-covjeka-tegeltija-kad-bi-ubio-covjeka-rekao-bi-da-je-sve-cisto-kao-suza-mektic-osuo-paljbu-na-drustvenim-mrezama\/","title":{"rendered":"Zlo od \u010dovjeka, Tegeltija kad bi ubio \u010dovjeka, rekao bi da je sve \u010disto kao suza: Mekti\u0107 osuo paljbu na dru\u0161tvenim mre\u017eama"},"content":{"rendered":"\n<p><strong>Biv\u0161i ministar sigurnosti Bosne i Hercegovine Dragan Mekti\u0107 nakon dugo vremena oglasio se na dru\u0161tvenim mre\u017eama.<\/strong><\/p>\n\n\n\n<p>Tako je Mekti\u0107 kasno sino\u0107 komentirao te\u0161ke optu\u017ebe na ra\u010dun predsjednika VSTV-a Milana Tegeltije.<\/p>\n\n\n\n<p><em>Tegeltija je implementator udru\u017eenog zlo\u010dina\u010dkog poduhvata (Dodik \u2013 \u010covi\u0107) \u2013 \u00a0poru\u010dio je Mekti\u0107.<\/em><\/p>\n\n\n\n<figure class=\"wp-block-embed-twitter wp-block-embed is-type-rich is-provider-twitter\"><div class=\"wp-block-embed__wrapper\">\n<blockquote class=\"twitter-tweet\" data-width=\"550\" data-dnt=\"true\"><p lang=\"und\" dir=\"ltr\">Tegeltija je implementator udru\u017eenog zlo\u010dina\u010dkog poduhvata (Dodik-\u010covi\u0107) <a href=\"https:\/\/t.co\/crwCHnNSYh\">https:\/\/t.co\/crwCHnNSYh<\/a><\/p>&mdash; Dragan Mekti\u0107 (@DraganMektic) <a href=\"https:\/\/twitter.com\/DraganMektic\/status\/1332067773183389698?ref_src=twsrc%5Etfw\">November 26, 2020<\/a><\/blockquote><script async src=\"https:\/\/platform.twitter.com\/widgets.js\" charset=\"utf-8\"><\/script>\n<\/div><\/figure>\n\n\n\n<p><em>On kad bi ubio \u010dovjeka, rekao bi da je sve \u010disto kao suza. Zlo od \u010dovjeka \u2013 \u00a0nastavio je Mekti\u0107.<\/em><\/p>\n\n\n\n<figure class=\"wp-block-embed-twitter wp-block-embed is-type-rich is-provider-twitter\"><div class=\"wp-block-embed__wrapper\">\n<blockquote class=\"twitter-tweet\" data-width=\"550\" data-dnt=\"true\"><p lang=\"und\" dir=\"ltr\">On kad bi ubio \u010dovjeka rekao bi da je sve \u010disto kao suza. Zlo od \u010dovjeka. <a href=\"https:\/\/t.co\/crwCHnNSYh\">https:\/\/t.co\/crwCHnNSYh<\/a><\/p>&mdash; Dragan Mekti\u0107 (@DraganMektic) <a href=\"https:\/\/twitter.com\/DraganMektic\/status\/1332076290967539714?ref_src=twsrc%5Etfw\">November 26, 2020<\/a><\/blockquote><script async src=\"https:\/\/platform.twitter.com\/widgets.js\" charset=\"utf-8\"><\/script>\n<\/div><\/figure>\n\n\n\n<p><em>Dok svi mediji u BiH bruje o novoj aferi Milana Tegeltije, trenutno presjedavaju\u0107eg VSTV-a, na RTRS-u o tome ni rije\u010di. Zar je mogu\u0107e da su svi uposlenici toliki ljigavci i beski\u010dmenjaci? \u2013 upitao je Mekti\u0107.<\/em><\/p>\n\n\n\n<figure class=\"wp-block-embed-twitter wp-block-embed is-type-rich is-provider-twitter\"><div class=\"wp-block-embed__wrapper\">\n<blockquote class=\"twitter-tweet\" data-width=\"550\" data-dnt=\"true\"><p lang=\"und\" dir=\"ltr\">Dok svi mediji u BiH bruje o novoj aferi Milana Tegeltije, trenutno presjedavaju\u0107eg VSTV, na RTRS o tome ni rije\u010di. Zar je mogu\u0107e da su svi uposlenici toliki ljigavci i beski\u010dmenjaci?<\/p>&mdash; Dragan Mekti\u0107 (@DraganMektic) <a href=\"https:\/\/twitter.com\/DraganMektic\/status\/1332080997932945408?ref_src=twsrc%5Etfw\">November 26, 2020<\/a><\/blockquote><script async src=\"https:\/\/platform.twitter.com\/widgets.js\" charset=\"utf-8\"><\/script>\n<\/div><\/figure>\n\n\n\n<p><\/p>\n","protected":false},"excerpt":{"rendered":"<p>Biv\u0161i ministar sigurnosti Bosne i Hercegovine Dragan Mekti\u0107 nakon dugo vremena oglasio se na dru\u0161tvenim mre\u017eama. Tako je Mekti\u0107 kasno sino\u0107 komentirao te\u0161ke optu\u017ebe na ra\u010dun predsjednika VSTV-a Milana Tegeltije. Tegeltija je implementator udru\u017eenog zlo\u010dina\u010dkog poduhvata (Dodik \u2013 \u010covi\u0107) \u2013 \u00a0poru\u010dio je Mekti\u0107. On kad bi ubio \u010dovjeka, rekao bi da je sve \u010disto kao [&hellip;]<\/p>\n","protected":false},"author":59,"featured_media":19728,"comment_status":"closed","ping_status":"closed","sticky":false,"template":"","format":"standard","meta":{"inline_featured_image":false,"footnotes":""},"categories":[43],"tags":[],"class_list":{"0":"post-19727","1":"post","2":"type-post","3":"status-publish","4":"format-standard","5":"has-post-thumbnail","7":"category-bih"},"acf":[],"_links":{"self":[{"href":"https:\/\/tvsensor.com\/api\/wp\/v2\/posts\/19727","targetHints":{"allow":["GET"]}}],"collection":[{"href":"https:\/\/tvsensor.com\/api\/wp\/v2\/posts"}],"about":[{"href":"https:\/\/tvsensor.com\/api\/wp\/v2\/types\/post"}],"author":[{"embeddable":true,"href":"https:\/\/tvsensor.com\/api\/wp\/v2\/users\/59"}],"replies":[{"embeddable":true,"href":"https:\/\/tvsensor.com\/api\/wp\/v2\/comments?post=19727"}],"version-history":[{"count":1,"href":"https:\/\/tvsensor.com\/api\/wp\/v2\/posts\/19727\/revisions"}],"predecessor-version":[{"id":19729,"href":"https:\/\/tvsensor.com\/api\/wp\/v2\/posts\/19727\/revisions\/19729"}],"wp:featuredmedia":[{"embeddable":true,"href":"https:\/\/tvsensor.com\/api\/wp\/v2\/media\/19728"}],"wp:attachment":[{"href":"https:\/\/tvsensor.com\/api\/wp\/v2\/media?parent=19727"}],"wp:term":[{"taxonomy":"category","embeddable":true,"href":"https:\/\/tvsensor.com\/api\/wp\/v2\/categories?post=19727"},{"taxonomy":"post_tag","embeddable":true,"href":"https:\/\/tvsensor.com\/api\/wp\/v2\/tags?post=19727"}],"curies":[{"name":"wp","href":"https:\/\/api.w.org\/{rel}","templated":true}]}}