{"id":19725,"date":"2020-11-26T15:41:34","date_gmt":"2020-11-26T14:41:34","guid":{"rendered":"https:\/\/senzor.ba\/?p=19725"},"modified":"2024-01-15T21:42:08","modified_gmt":"2024-01-15T20:42:08","slug":"inzko-hrvatima-u-bih-mogu-napraviti-kaliforniju-ondje-gdje-su-vecina-tamo-im-nitko-ne-smeta-nema-puno-bosnjaka-dodika","status":"publish","type":"post","link":"https:\/\/tvsensor.com\/clanak\/inzko-hrvatima-u-bih-mogu-napraviti-kaliforniju-ondje-gdje-su-vecina-tamo-im-nitko-ne-smeta-nema-puno-bosnjaka-dodika\/","title":{"rendered":"INZKO HRVATIMA U BiH: \u201cMogu napraviti Kaliforniju ondje gdje su ve\u0107ina. Tamo im nitko ne smeta, nema puno Bo\u0161njaka, Dodika\u201d"},"content":{"rendered":"\n<p>Prava Hrvata u BiH treba za\u0161tititi, jer su oni najmalobrojniji konstitutivni narod, ali nema razloga da u sredinama u kojima su oni ve\u0107ina i u kojima suvereno vlada HDZ BiH, stanje ne bude znatno bolje nego \u0161to je sada, izjavio je visoki predstavnik me\u0111unarodne zajednice za BiH&nbsp;<strong>Valentin Inzko.<\/strong><\/p>\n\n\n\n<p>&#8211; Tamo gdje su Hrvati u ve\u0107ini, poput Hercegova\u010dko-neretvanskog ili Livanjskog kantona, oni si mogu napraviti malu Kaliforniju. Tamo im nitko ne smeta, tamo nema puno Bo\u0161njaka, nema<strong>&nbsp;Dodika<\/strong>, nema nikoga. Oni mogu tamo sve realizirati \u2013 kazao je Inzko. On je u intervjuu za Radio Slobodna Europa (RFE) uputio sada\u0161nje politi\u010dke predstavnike Hrvata u BiH da se ugledaju na primjere kakve u Europi nudi Bavarska i kao \u0161to u SAD-u nudi Kalifornija.<\/p>\n\n\n\n<p>Sve \u0161to oni rade, tvrdi Inzko, mogli bi kantoni s hrvatskom ve\u0107inom u Federaciji BiH te bi mogli imati najbolje zdravstvo i najbolje \u0161kole, jer to nikome ne bi smetalo, prenosi Hayat.<\/p>\n\n\n\n<p>Komentiraju\u0107i zahtjeve hrvatskih stranaka za izmjenama Izbornog zakona BiH kojima bi se osiguralo da Hrvati sami biraju svoje predstavnike u tijelima vlasti, pa tako i \u010dlana Predsjedni\u0161tva BiH, Inzko je kazao kako potpuno razumije frustracije Hrvata te kako o tome treba \u201cozbiljno razgovarati\u201d. No, dodao je kako bi se i&nbsp;<strong>Dragan \u010covi\u0107<\/strong>&nbsp;trebao zapitati nije li njegov poraz na izborima prije dvije godine, osim odredbama Izbornog zakona, uvjetovan i time da je ostao bez povjerenja dijela hrvatskog bira\u010dkog tijela.<\/p>\n\n\n\n<p>&#8211; Hrvati su svakako najmanji od konstitutivnih naroda i, zato \u0161to su najmanji, oni trebaju imati malo vi\u0161e da bi se osje\u0107ali dobro \u2013 kazao je Inzko.<\/p>\n","protected":false},"excerpt":{"rendered":"<p>Prava Hrvata u BiH treba za\u0161tititi, jer su oni najmalobrojniji konstitutivni narod, ali nema razloga da u sredinama u kojima su oni ve\u0107ina i u kojima suvereno vlada HDZ BiH, stanje ne bude znatno bolje nego \u0161to je sada, izjavio je visoki predstavnik me\u0111unarodne zajednice za BiH&nbsp;Valentin Inzko. &#8211; Tamo gdje su Hrvati u ve\u0107ini, [&hellip;]<\/p>\n","protected":false},"author":59,"featured_media":19287,"comment_status":"closed","ping_status":"closed","sticky":false,"template":"","format":"standard","meta":{"inline_featured_image":false,"footnotes":""},"categories":[37,38],"tags":[],"class_list":{"0":"post-19725","1":"post","2":"type-post","3":"status-publish","4":"format-standard","5":"has-post-thumbnail","7":"category-vijesti","8":"category-vijesti-iz-bih"},"acf":[],"_links":{"self":[{"href":"https:\/\/tvsensor.com\/api\/wp\/v2\/posts\/19725","targetHints":{"allow":["GET"]}}],"collection":[{"href":"https:\/\/tvsensor.com\/api\/wp\/v2\/posts"}],"about":[{"href":"https:\/\/tvsensor.com\/api\/wp\/v2\/types\/post"}],"author":[{"embeddable":true,"href":"https:\/\/tvsensor.com\/api\/wp\/v2\/users\/59"}],"replies":[{"embeddable":true,"href":"https:\/\/tvsensor.com\/api\/wp\/v2\/comments?post=19725"}],"version-history":[{"count":1,"href":"https:\/\/tvsensor.com\/api\/wp\/v2\/posts\/19725\/revisions"}],"predecessor-version":[{"id":19726,"href":"https:\/\/tvsensor.com\/api\/wp\/v2\/posts\/19725\/revisions\/19726"}],"wp:featuredmedia":[{"embeddable":true,"href":"https:\/\/tvsensor.com\/api\/wp\/v2\/media\/19287"}],"wp:attachment":[{"href":"https:\/\/tvsensor.com\/api\/wp\/v2\/media?parent=19725"}],"wp:term":[{"taxonomy":"category","embeddable":true,"href":"https:\/\/tvsensor.com\/api\/wp\/v2\/categories?post=19725"},{"taxonomy":"post_tag","embeddable":true,"href":"https:\/\/tvsensor.com\/api\/wp\/v2\/tags?post=19725"}],"curies":[{"name":"wp","href":"https:\/\/api.w.org\/{rel}","templated":true}]}}