{"id":19714,"date":"2020-11-26T10:43:10","date_gmt":"2020-11-26T09:43:10","guid":{"rendered":"https:\/\/senzor.ba\/?p=19714"},"modified":"2024-01-15T21:42:08","modified_gmt":"2024-01-15T20:42:08","slug":"sbk-ce-prihvatiti-11-respiratora-srebrne-maline","status":"publish","type":"post","link":"https:\/\/tvsensor.com\/clanak\/sbk-ce-prihvatiti-11-respiratora-srebrne-maline\/","title":{"rendered":"SBK \u0107e  prihvatiti 11 respiratora &#8216;Srebrne maline&#8217;"},"content":{"rendered":"\n<p>Epidemiolo\u0161ka situacija na podru\u010dju Srednjobosanskog kantona posljednjih dana se stabilizira. Smanjuje se broj osoba na bolni\u010dkom lije\u010denju, te brojka od 90 trenutno hospitaliziranih, predstavlja zna\u010dajno pobolj\u0161anje u odnosu na prethodni period.<\/p>\n\n\n\n<p>Od 2.500 do sada pozitivnih na podru\u010dju ovog kantona, 320 je aktivnih slu\u010dajeva, a od po\u010detka pandemije, 210 osoba izgubilo je bitku sa koronavirusom.<\/p>\n\n\n\n<p>U borbi protiv pandemije, Vlada SBK je na dana\u0161njoj sjednici, usvojila niz odluka koje \u0107e omogu\u0107iti informatizaciju zdravstvenog sistema. Izme\u0111u ostalog o\u010dekuju i 11 respiratora \u201eSrebrne maline\u201c, koje \u0107e ovaj kanton, prema najavama resornog ministarstva, prihvatiti, a nakon slu\u017ebene verifikacije, dati zdravstvenim ustanovama na procjenu njihovog kori\u0161tenja.<\/p>\n\n\n\n<p>\u201e\u0160est ure\u0111aja ide za Bolnicu Travnik i pet tih ure\u0111aja ide za Bolnicu Nova Bila. Kad oni do\u0111u, onda \u0107e stru\u010dno osoblje znati ho\u0107e li ih koristiti ili ne\u0107e. Mi se ne mo\u017eemo u to petljati\u201c, potvrdio je Anto Mati\u0107, ministar zdravstva i socijalne politike SBK.<\/p>\n\n\n\n<p>Izvor: federalna.ba<\/p>\n","protected":false},"excerpt":{"rendered":"<p>Epidemiolo\u0161ka situacija na podru\u010dju Srednjobosanskog kantona posljednjih dana se stabilizira. Smanjuje se broj osoba na bolni\u010dkom lije\u010denju, te brojka od 90 trenutno hospitaliziranih, predstavlja zna\u010dajno pobolj\u0161anje u odnosu na prethodni period. Od 2.500 do sada pozitivnih na podru\u010dju ovog kantona, 320 je aktivnih slu\u010dajeva, a od po\u010detka pandemije, 210 osoba izgubilo je bitku sa koronavirusom. [&hellip;]<\/p>\n","protected":false},"author":7,"featured_media":19715,"comment_status":"closed","ping_status":"closed","sticky":false,"template":"","format":"standard","meta":{"inline_featured_image":false,"footnotes":""},"categories":[37,38],"tags":[],"class_list":{"0":"post-19714","1":"post","2":"type-post","3":"status-publish","4":"format-standard","5":"has-post-thumbnail","7":"category-vijesti","8":"category-vijesti-iz-bih"},"acf":[],"_links":{"self":[{"href":"https:\/\/tvsensor.com\/api\/wp\/v2\/posts\/19714","targetHints":{"allow":["GET"]}}],"collection":[{"href":"https:\/\/tvsensor.com\/api\/wp\/v2\/posts"}],"about":[{"href":"https:\/\/tvsensor.com\/api\/wp\/v2\/types\/post"}],"author":[{"embeddable":true,"href":"https:\/\/tvsensor.com\/api\/wp\/v2\/users\/7"}],"replies":[{"embeddable":true,"href":"https:\/\/tvsensor.com\/api\/wp\/v2\/comments?post=19714"}],"version-history":[{"count":2,"href":"https:\/\/tvsensor.com\/api\/wp\/v2\/posts\/19714\/revisions"}],"predecessor-version":[{"id":19717,"href":"https:\/\/tvsensor.com\/api\/wp\/v2\/posts\/19714\/revisions\/19717"}],"wp:featuredmedia":[{"embeddable":true,"href":"https:\/\/tvsensor.com\/api\/wp\/v2\/media\/19715"}],"wp:attachment":[{"href":"https:\/\/tvsensor.com\/api\/wp\/v2\/media?parent=19714"}],"wp:term":[{"taxonomy":"category","embeddable":true,"href":"https:\/\/tvsensor.com\/api\/wp\/v2\/categories?post=19714"},{"taxonomy":"post_tag","embeddable":true,"href":"https:\/\/tvsensor.com\/api\/wp\/v2\/tags?post=19714"}],"curies":[{"name":"wp","href":"https:\/\/api.w.org\/{rel}","templated":true}]}}