{"id":19699,"date":"2020-11-26T05:58:10","date_gmt":"2020-11-26T04:58:10","guid":{"rendered":"https:\/\/senzor.ba\/?p=19699"},"modified":"2024-01-15T21:42:08","modified_gmt":"2024-01-15T20:42:08","slug":"ocaravajuci-miris-ljiljana-protkan-je-vijekovima-kroz-nasu-bosnu-i-hercegovinu","status":"publish","type":"post","link":"https:\/\/tvsensor.com\/clanak\/ocaravajuci-miris-ljiljana-protkan-je-vijekovima-kroz-nasu-bosnu-i-hercegovinu\/","title":{"rendered":"O\u010daravaju\u0107i miris ljiljana protkan je vijekovima kroz na\u0161u Bosnu i Hercegovinu"},"content":{"rendered":"\n<p><strong>Taj o\u010daravaju\u0107i miris Ljiljana protkan je vijekovima kroz na\u0161u Bosnu i Hercegovinu, jo\u0161 u srednjem vijeku po\u010dinje se pojavljivati Bosanski ili Zlatni ljiljan kao simbol Bosne.<\/strong><\/p>\n\n\n\n<p>Svojim vrlo specifi\u010dnim mirisom i oblikom ta endemi\u010dna biljka raste na gorskim travnjacima i grmljem obraslim obroncima bosanskih i dinarskih planina.<\/p>\n\n\n\n<p>Ljiljan nije samo ukrasna biljka ve\u0107 i biljka koja se koristila u lije\u010denju mnogih bolesti, a od davnina predstavlja i simbol \u010disto\u0107e.<\/p>\n\n\n\n<figure class=\"wp-block-image\"><img decoding=\"async\" src=\"https:\/\/static.hayat.ba\/2020\/11\/Ermana-Lagumdzija-dandrzavnosti-hayat-1024x545.jpg\" alt=\"\" class=\"wp-image-299063\"\/><\/figure>\n\n\n\n<ul class=\"wp-block-list\"><li>Poseban pe\u010dat jedinstvenosti i bio raznolikosti flore Bosne i Hercegovine daju endemi\u010dne biljne vrste kojih je u Bosni i Hercegovini blizu 450, me\u0111u koje spada i bosanski Ljiljan ili zlatni ljiljan, Lilium Bosniacum. On mo\u017ee narasti do 90 centimetara i na vrhu cvijetne stapke ima jedan dva do deset cvjetova, sumporno-\u017eute boje sa prepoznatljivim sme\u0111im bradavi\u010dastim mrljama \u2013 ka\u017ee Ermana Lagumd\u017eija, vi\u0161a kustosica i biologinja za cvjetnice.<\/li><\/ul>\n\n\n\n<p>Zbog svoje ljepote, privla\u010dnog oblika i boje cvijeta \u010desto je predmet antropogenog uni\u0161tavanja. 1996. godine tako se na\u0161ao na popisu biljnih vrsta u crvenoj knjizi doktora \u010cedomira\u00a0 \u0160ili\u0107a koji je bosanskom Ljiljanu dao\u00a0 status ugro\u017eene i osjetljive vrste.<\/p>\n\n\n\n<figure class=\"wp-block-embed-youtube wp-block-embed is-type-video is-provider-youtube wp-embed-aspect-16-9 wp-has-aspect-ratio\"><div class=\"wp-block-embed__wrapper\">\n<iframe loading=\"lazy\" title=\"O\u010cARAVAJU\u0106I MIRIS LJILJANA PROTKAN JE VIJEKOVIMA KROZ NA\u0160U BOSNU I HERCEGOVINU\" width=\"696\" height=\"392\" src=\"https:\/\/www.youtube.com\/embed\/O4LAKVQpD-8?feature=oembed&#038;enablejsapi=1\" frameborder=\"0\" allow=\"accelerometer; autoplay; clipboard-write; encrypted-media; gyroscope; picture-in-picture\" allowfullscreen><\/iframe>\n<\/div><\/figure>\n\n\n\n<p>Hayat.ba<\/p>\n","protected":false},"excerpt":{"rendered":"<p>Taj o\u010daravaju\u0107i miris Ljiljana protkan je vijekovima kroz na\u0161u Bosnu i Hercegovinu, jo\u0161 u srednjem vijeku po\u010dinje se pojavljivati Bosanski ili Zlatni ljiljan kao simbol Bosne. Svojim vrlo specifi\u010dnim mirisom i oblikom ta endemi\u010dna biljka raste na gorskim travnjacima i grmljem obraslim obroncima bosanskih i dinarskih planina. Ljiljan nije samo ukrasna biljka ve\u0107 i biljka [&hellip;]<\/p>\n","protected":false},"author":59,"featured_media":19701,"comment_status":"closed","ping_status":"closed","sticky":false,"template":"","format":"standard","meta":{"inline_featured_image":false,"footnotes":""},"categories":[47,46],"tags":[],"class_list":{"0":"post-19699","1":"post","2":"type-post","3":"status-publish","4":"format-standard","5":"has-post-thumbnail","7":"category-historija","8":"category-kultura"},"acf":[],"_links":{"self":[{"href":"https:\/\/tvsensor.com\/api\/wp\/v2\/posts\/19699","targetHints":{"allow":["GET"]}}],"collection":[{"href":"https:\/\/tvsensor.com\/api\/wp\/v2\/posts"}],"about":[{"href":"https:\/\/tvsensor.com\/api\/wp\/v2\/types\/post"}],"author":[{"embeddable":true,"href":"https:\/\/tvsensor.com\/api\/wp\/v2\/users\/59"}],"replies":[{"embeddable":true,"href":"https:\/\/tvsensor.com\/api\/wp\/v2\/comments?post=19699"}],"version-history":[{"count":2,"href":"https:\/\/tvsensor.com\/api\/wp\/v2\/posts\/19699\/revisions"}],"predecessor-version":[{"id":19703,"href":"https:\/\/tvsensor.com\/api\/wp\/v2\/posts\/19699\/revisions\/19703"}],"wp:featuredmedia":[{"embeddable":true,"href":"https:\/\/tvsensor.com\/api\/wp\/v2\/media\/19701"}],"wp:attachment":[{"href":"https:\/\/tvsensor.com\/api\/wp\/v2\/media?parent=19699"}],"wp:term":[{"taxonomy":"category","embeddable":true,"href":"https:\/\/tvsensor.com\/api\/wp\/v2\/categories?post=19699"},{"taxonomy":"post_tag","embeddable":true,"href":"https:\/\/tvsensor.com\/api\/wp\/v2\/tags?post=19699"}],"curies":[{"name":"wp","href":"https:\/\/api.w.org\/{rel}","templated":true}]}}