{"id":19687,"date":"2020-11-25T21:23:14","date_gmt":"2020-11-25T20:23:14","guid":{"rendered":"https:\/\/senzor.ba\/?p=19687"},"modified":"2024-01-15T21:42:09","modified_gmt":"2024-01-15T20:42:09","slug":"svijet-je-upoznao-pravu-stranu-dvojca","status":"publish","type":"post","link":"https:\/\/tvsensor.com\/clanak\/svijet-je-upoznao-pravu-stranu-dvojca\/","title":{"rendered":"Svijet je upoznao pravu stranu dvojca"},"content":{"rendered":"\n<p>Svjetska javnost je u\u017eivo svjedo\u010dila verbalnom ataku na sve ono \u0161to jeste Bosna i Hercegovina, njene institucije, Ustav, OHR. Dakle, sve ono \u0161to stoji na putu Dodika i \u010covi\u0107a ka stvaranju etni\u010dkih cjelina, odnosno dr\u017eava u dr\u017eavi. Ukratko, za Bosance i Hercegovce ni\u0161ta novo, ve\u0107 vi\u0111eno, ali za svijet zabrinjavaju\u0107e.<\/p>\n\n\n\n<p>Za novinara i advokata Senada Pe\u0107anin to je krajnji primitivizam, nekultura, nevaspitanje, vulgarnost.<\/p>\n\n\n\n<p>\u201cTo je sigurno razlog za zacrvenjeti se jer smo svijetu pokazali, da se poslu\u017eim vokabularom Milorada Dodika, kakve monstrume biramo da upravljaju ovom zemljom\u201d, ka\u017ee akademik Slavo Kuki\u0107.<\/p>\n\n\n\n<p>Svjetska pozornica, a bh. politi\u010dka realnost . Vi\u0161e niko ne mo\u017ee re\u0107i da nije&nbsp;znao \u010demu vode politike Milorada Dodika i Dragana \u010covi\u0107a, lidera koji su&nbsp;godinama brojali krvna zrnca i zagovarali nacionalne torove.<\/p>\n\n\n\n<p>\u201cJednostavno, u\u010dinili su sve da pred licem \u010ditavog svijeta demonstriraju svu&nbsp;rasko\u0161 fa\u0161izma sa kojim poku\u0161avaju rasturiti BiH\u201d, navodi Pe\u0107anin.<\/p>\n\n\n\n<p>Na krilima podr\u0161ke susjeda-tutora, preko Rusije su poku\u0161ali nastupiti u formatu predstavnika naroda, \u0161to je civilizirani svijet osudio kao direktno kr\u0161enje svega onog \u0161to jeste dr\u017eava BiH, stav je analiti\u010dara. Upitno je da li Dodik, \u010dovjek s crne liste zbog kr\u0161enja Daytona, uop\u0107e mo\u017ee biti relevantan da o njemu pri\u010da javno. Istovremeno, \u010covi\u0107 je u prvi plan stavio pri\u010du o&nbsp;ugro\u017eenosti bh. Hrvata, ali izostavio dio u kojem njegova partija ima sve&nbsp;poluge vlasti, posebno finansijske, ali i blokada u svojim rukama.<\/p>\n\n\n\n<p>\u201cS obzirom na to da za sagovornike nije imao novinare medija koje kontroli\u0161u u Hercegovini i RS-u, ve\u0107 je imao najblistavije i najbolje diplomate, koji zastupaju&nbsp;svoje zemlje u UN-u, onda je jasno da je do\u017eivio jednako kao i Dodik i da je ogolio u potpunosti svu destruktivnost i opasnost koju politike koju oni predvode i predstavljaju \u010dine i BiH i regionu i u Evropi\u201d, dodaje Pe\u0107anin.<\/p>\n\n\n\n<p>Akademik Kuki\u0107 isti\u010de da ima i pozitivnih poruka: \u201cAko ni\u0161ta &#8211; on je svijet doveo, da tako ka\u017eem, ponovo pred ideju da se kurs u BiH nanovo mora radikalno&nbsp;zao\u0161triti i kako bi ovu zemlju definitivno i\u0161\u010dupali iz kand\u017ei ratnih truba\u010da\u201d.<\/p>\n\n\n\n<p>Navikli da prijete i blokiraju bez sankcija, sve pod pla\u0161tom brige o nacionalnim interesima, ostali su zate\u010deni o\u0161trom reakcijom me\u0111unarodne zajednice, koja bi od nijemog posmatra\u010da trebala postati aktivni u\u010desnik promjena u BIH.<\/p>\n\n\n\n<p>\u201cMo\u017eemo re\u0107i da su vi\u0161e odgovorni jer su oni dozvolili nacionalisti\u010dkim elitama da vladaju. Oni su daleko iznad toga, a to je jedna kriminalna organizacija umotana u jednu politi\u010dku odoru koja vlada gra\u0111anima BiH \u010dak i mimo njihove volje\u201d, tvrdi \u017deljko Ralji\u0107, glavni i odgovorni urednik portala Istinito.<\/p>\n\n\n\n<p>Akademik Kuki\u0107 ka\u017ee kako je prili\u010dno siguran da poslije Dodikovog nastupa svijet intezivno razmi\u0161lja koji je to sljede\u0107i potez koji bi BiH oslobodio takvih&nbsp;ljudi i nagla\u0161ava kako mu \u201cne prori\u010de specijalno dugu budu\u0107nost\u201d.<\/p>\n\n\n\n<p>Prijetnje integracijom mati\u010dnoj Srbiji i ovaj put su ostale bez reakcije politi\u010dkog vodstva susjedne dr\u017eave. Ako to i sve destruktivne izjave o vlastitoj dr\u017eavi ovog dvojca nisu dokaz da su prijetnja po mir i sigurnost ne&nbsp;samo BiH ve\u0107 i regije, ali i Evrope &#8211; pitanje je \u0161ta jeste. Jer kompenzaciju za&nbsp;vlastiti debakl \u0107e sigurno potra\u017eiti sakrivaju\u0107i se opet iza interesa naroda.<\/p>\n\n\n\n<p>Izvor: federalna.ba<\/p>\n","protected":false},"excerpt":{"rendered":"<p>Svjetska javnost je u\u017eivo svjedo\u010dila verbalnom ataku na sve ono \u0161to jeste Bosna i Hercegovina, njene institucije, Ustav, OHR. Dakle, sve ono \u0161to stoji na putu Dodika i \u010covi\u0107a ka stvaranju etni\u010dkih cjelina, odnosno dr\u017eava u dr\u017eavi. Ukratko, za Bosance i Hercegovce ni\u0161ta novo, ve\u0107 vi\u0111eno, ali za svijet zabrinjavaju\u0107e. Za novinara i advokata Senada [&hellip;]<\/p>\n","protected":false},"author":7,"featured_media":19688,"comment_status":"closed","ping_status":"closed","sticky":false,"template":"","format":"standard","meta":{"inline_featured_image":false,"footnotes":""},"categories":[37,38],"tags":[],"class_list":{"0":"post-19687","1":"post","2":"type-post","3":"status-publish","4":"format-standard","5":"has-post-thumbnail","7":"category-vijesti","8":"category-vijesti-iz-bih"},"acf":[],"_links":{"self":[{"href":"https:\/\/tvsensor.com\/api\/wp\/v2\/posts\/19687","targetHints":{"allow":["GET"]}}],"collection":[{"href":"https:\/\/tvsensor.com\/api\/wp\/v2\/posts"}],"about":[{"href":"https:\/\/tvsensor.com\/api\/wp\/v2\/types\/post"}],"author":[{"embeddable":true,"href":"https:\/\/tvsensor.com\/api\/wp\/v2\/users\/7"}],"replies":[{"embeddable":true,"href":"https:\/\/tvsensor.com\/api\/wp\/v2\/comments?post=19687"}],"version-history":[{"count":2,"href":"https:\/\/tvsensor.com\/api\/wp\/v2\/posts\/19687\/revisions"}],"predecessor-version":[{"id":19690,"href":"https:\/\/tvsensor.com\/api\/wp\/v2\/posts\/19687\/revisions\/19690"}],"wp:featuredmedia":[{"embeddable":true,"href":"https:\/\/tvsensor.com\/api\/wp\/v2\/media\/19688"}],"wp:attachment":[{"href":"https:\/\/tvsensor.com\/api\/wp\/v2\/media?parent=19687"}],"wp:term":[{"taxonomy":"category","embeddable":true,"href":"https:\/\/tvsensor.com\/api\/wp\/v2\/categories?post=19687"},{"taxonomy":"post_tag","embeddable":true,"href":"https:\/\/tvsensor.com\/api\/wp\/v2\/tags?post=19687"}],"curies":[{"name":"wp","href":"https:\/\/api.w.org\/{rel}","templated":true}]}}