{"id":19684,"date":"2020-11-25T20:21:49","date_gmt":"2020-11-25T19:21:49","guid":{"rendered":"https:\/\/senzor.ba\/?p=19684"},"modified":"2024-01-15T21:42:09","modified_gmt":"2024-01-15T20:42:09","slug":"prica-o-dinu-ammaru-tolju-sarajliji-koji-je-u-velikoj-britaniji-pobijedio-na-takmicenju-iz-matematike","status":"publish","type":"post","link":"https:\/\/tvsensor.com\/clanak\/prica-o-dinu-ammaru-tolju-sarajliji-koji-je-u-velikoj-britaniji-pobijedio-na-takmicenju-iz-matematike\/","title":{"rendered":"Pri\u010da o Dinu Ammaru Tolju, Sarajliji koji je u Velikoj Britaniji pobijedio na takmi\u010denju iz matematike"},"content":{"rendered":"\n<p>Sarajevski gimnazijalac Din Ammar Tolj je Zlatnim certifikatom u Velikoj Britaniji okrunio seriju svojih uspjeha u matematici. No, za njih se na\u017ealost, smatra njegova majka, saznalo tek kada je oti\u0161ao u inostranstvo.Jedan sarajevski gimnazijalac se bar za kratko pobrinuo da se u sumornom medijskom mozaiku Bosne i Hercegovine, obilje\u017eenom politi\u010dkim nesuglasicama, prijetnjama opstanku dr\u017eave, korupcijom i crnim pandemijskim statistikama, pojave pozitivni sadr\u017eaji.<\/p>\n\n\n\n<p>&#8220;Iznenadilo me je to \u0161to je cijela BiH bila preplavljena vijestima o tome da je jedan Sarajlija osvojio zlato u takmi\u010denju iz matematike u Velikoj Britaniji. Taj interes pokazuje da je i sama dr\u017eava po\u010dela cijeniti uspjehe svojih u\u010denika i talenata. Jako mi je va\u017eno \u0161to sam mladima u BiH pokazao da trebaju slijediti svoje snove. Ja sam svoje slijedio. Zahvaljuju\u0107i znanju i dobrim ocjenama uspio sam kao Bosanac do\u0107i u Veliku Britaniju sa \u017eeljom da postanem matemati\u010dar i fizi\u010dar. To je i meni prije 4-5 godina izgledalo nemogu\u0107e&#8221;, kazao je Tolj.<\/p>\n\n\n\n<p>Posebno ponosni na njegov Zlatni certifikat, osvojen na matemati\u010dkom takmi\u010denju srednjo\u0161kolaca iz cijele Velike Britanije, kako ka\u017ee, bili su njegovi roditelji Samra i Tomislav, porodica, kao i nastavno osoblje i u\u010denici Druge gimnazije u Sarajevu, koji pripremaju u\u010denike i za IB (matura u zemljama engleskog govornog podru\u010dja). To zna\u010di da mu je ova sarajevska gimnazija dala temelj jer ima u ponudi smjer IB odnosno MYP, koji na englelskom jeziku priprema srednjo\u0161kolce za univerzitet u zemljama engleskog govornog podru\u010dja na cijelom svijetu. Uz medijsko glorifikovanje njegovog uspjeha, satisfakcija za ovog mladog Sarajliju bile su i \u010destitke sarajevskih op\u0161tinskih i kantonalnih zvani\u010dnika i resornog ministarstva. To mu, ka\u017ee, budi nadu da \u0107e mladi Bosanci i Hercegovci u o\u010dima vlasti postati bar malo va\u017eniji.<\/p>\n\n\n\n<p>Za njegovu majku Samru Islamovi\u0107 je ovaj uspjeh, kako ka\u017ee, bio o\u010dekivan, jer je Din Ammar &#8220;uvijek imao jasne ciljeve pred sobom, vrijedno u\u010dio i volio izazove&#8221;. Drago joj je, ka\u017ee, i zbog velike medijske pa\u017enje, ali bh. dru\u0161tvu zamjera sljede\u0107e:&#8221;On je uvijek bio takav. I pro\u0161le godine se takore\u0107i i\u017c \u010diste znati\u017eelje prijavio na isto takmi\u010denje i osvojio Srebrni certifikat. I u BiH je postizao fantasti\u010dne rezultate, ali se o tome nije izvje\u0161tavalo. \u010cini mi se da na\u0161a djeca moraju oti\u0107i vani da bi se znalo za njihove uspjehe&#8221;.<\/p>\n\n\n\n<p>Zlatni certifikat u Engleskoj kruna je njegovih dosada\u0161njih uspjeha koji se\u017eu od osnovne \u0161kole, preko kantonalnih i takmi\u010denja na nivou Federacije BiH, pa sve do osvojenog Srebrnog certifikata na pro\u0161logodi\u0161njoj matemati\u010dkoj smotri britanskih srednjo\u0161kolaca.<\/p>\n\n\n\n<p><strong>\u0160kolovanje vani u doba korone<\/strong><\/p>\n\n\n\n<p>Din Ammar Tolj je kao jedan od najboljih u\u010denika Druge gimnazije dobio stipendiju koju sponzoriraju britanskim lordovi da tre\u0107i i \u010detvrti razred zavr\u0161i u londonskoj \u0161koli Brentwood.<\/p>\n\n\n\n<p>&#8220;Te\u0161ko mi je palo razdvajanje od roditelja i sredine u kojoj sam \u017eivio 16 godina. Sarajevo, iako mi se neki aspekti \u017eivota u njemu nisu dopadali, volim. Ipak, sistem \u0161kolovanja ovdje je dosta le\u017eerniji i vi\u0161e pa\u017enje se posve\u0107uje prakti\u010dnoj primjeni ste\u010denih znanja u svakodevnom \u017eivotu i budu\u0107oj karijeri u\u010denika\u201c, ka\u017ee Tolj.<\/p>\n\n\n\n<p>No, \u0161irenje pandemije dovelo je do zatvaranja \u0161kolskih ustanova u Engleskoj u martu 2020. Din Ammar se morao vratiti u BiH, da bi ponovo do\u0161ao u Englesku u augustu, kada je po\u010dela nova \u0161kolska godina.<\/p>\n\n\n\n<p>&#8220;Privatne \u0161kole, poput ove, se trude da ostanu otvorene, jer one \u017eive od novca za \u0161kolarinu koja je veoma skupa. Sada redovno posje\u0107ujemo nastavu. Obavezno je no\u0161enje maski i dr\u017eanje distance. Svi razredi su odvojeni i nemaju me\u0111usobnog kontakta. Na taj na\u010din se, u slu\u010daju pojavljivanja infekcije koronavirusom, izoluje samo taj razred, a ostali i dalje dolaze u \u0161kolu&#8221;, kazao je Tolj.<\/p>\n\n\n\n<p>Uprkos \u010dinjenici da engleske \u0161kole svakih \u0161est sedmica imaju raspust i ukupno sedam raspusta godi\u0161nje, Din Ammar zbog vladinih mjera o suzbijanju \u0161irenja infekcija koronavirusom, ne mo\u017ee putovati u BiH, jer bi po povratku morao u karantin. Roditelje nije vidio od augusta ove godine. Protekli raspust je proveo kod mamine rodice u Berlinu, usavr\u0161avaju\u0107i malo njema\u010dki kojim solidno vlada. Nada se da \u0107e u decembru ponovo u rodno Sarajevo.<\/p>\n\n\n\n<p><strong>&#8220;Mladi u BiH su postali glasniji&#8221;<\/strong><\/p>\n\n\n\n<p>Iako su ga interesovala de\u0161avanja na minulim lokalnim izborima u BiH, Din Ammar ih zbog obaveza nije mogao pratiti kroz medije. O svemu su ga informisali roditelji. Rezultate izbora tuma\u010di kao pozitivan znak.<\/p>\n\n\n\n<p>&#8220;Mislim da se situacija mijenja i da mlade generacije postaju glasnije. Mislim da \u0107e mladi ljudi koji slijede svoje snove izabrati bolje politi\u010dare i one koji \u0107e im pomo\u0107i da te snove ostvare&#8221;, rekao je Tolj.<\/p>\n\n\n\n<p>Smatra i da su podjele naj\u0161tetnija pojava u bh. dru\u0161tvu.<\/p>\n\n\n\n<p>&#8220;Tek kada se do\u0111e u jednu sredinu poput ove \u0161kole u kojoj se ljudi iz svih krajeva svijeta dru\u017ee i uva\u017eavaju, shvati se koliko su te podjele u BiH besmislene. Zato se ovdje u Engleskoj osje\u0107am slobodnije. Mnogi moji vr\u0161njaci u Sarajevu i BiH, bar oni s kojima sam se dru\u017eio, imaju taj internacionalni mentalitet i otvorenost. Sada je vrijeme da dalje razvijamo taj mentalitet i tek tada \u0107e nam svima biti bolje&#8221;, navodi.<\/p>\n\n\n\n<p><strong>Budu\u0107nost je na Zapadu<\/strong><\/p>\n\n\n\n<p>Mladi talenti, poput Dina Ammara Tolja, koji imaju jasne predstave o onome \u0161ta \u017eele posti\u0107i, ostvarenje svojih ambicija ne mogu posti\u0107i u okviru bh. visoko\u0161kolskih ustanova.<\/p>\n\n\n\n<p>&#8220;Planiram studirati fiziku i filozofiju na nekom od evropskih, kanadskih ili ameri\u010dkih univerziteta. \u017dao mi je \u0161to na\u0161i univerziteti ne mogu pru\u017eiti sli\u010dne mogu\u0107nosti\u201c, isti\u010de on.<\/p>\n\n\n\n<p>Pogotovo zato \u0161to se ve\u0107 sada ovog bh. srednjo\u0161kolca interesuju referntni zapadni univerziteti.<\/p>\n\n\n\n<p>A do ovakvog uspjeha ne bi do\u0161lo da i tata Tomislav Tolj nije kupovao Din Ammaru knjige iz fizike i matematike i stalno uz pomo\u0107 bake Antonije vje\u017ebao s njim, dok se mama brinula da dobije bolju ocjenu iz likovnog.<\/p>\n\n\n\n<p>&#8220;Da je na mamu sada bi crtao Mona Lizu&#8221;, \u0161ali se Tomislav.<\/p>\n\n\n\n<p>Din Ammarova majka nikada nije sumnjala u uspjeh ovog mladog bh. talenta.<\/p>\n\n\n\n<p>\u201dMi smo se navikli da on stalno posti\u017ee dobre rezultate. Jo\u0161 je u drugom razredu gimnazije objavio sopstvenu zbirku zadataka i\u017c matematike, koja se danas u njegovoj \u0161koli koristi kao ud\u017ebenik i ovo je samo o\u010dekivani slijed u njegovom razvoju&#8221;, ka\u017ee mama.<\/p>\n\n\n\n<p>Din Ammar Tolj \u017eeli \u0161to vi\u0161e toga vidjeti, dalje se razvijati, u\u010diti i putovati.<\/p>\n\n\n\n<p>&#8220;Odrastao sam u multikulturnoj porodici i gradu u kome sam imao sre\u0107u da upoznam ljude razli\u010ditih tradicija i kultura. To me oduvijek ispunjavalo. Zato i \u017eelim pro\u0161iriti svoj horizont. A jednog dana \u0107u se, nadam se, vratiti u BiH i pomo\u0107i razvoju dru\u0161tvene i akademske zajednice&#8221;, zaklju\u010dio je srednjo\u0161kolac za&nbsp;<a href=\"https:\/\/www.dw.com\/bs\/na%C5%A1a-djeca-moraju-oti%C4%87i-vani-da-bi-se-znalo-za-njihove-uspjehe\/a-55718269?utm_source=Klix.ba&amp;utm_medium=Clanak\" target=\"_blank\" rel=\"noreferrer noopener\">Deutsche Welle<\/a>.<\/p>\n","protected":false},"excerpt":{"rendered":"<p>Sarajevski gimnazijalac Din Ammar Tolj je Zlatnim certifikatom u Velikoj Britaniji okrunio seriju svojih uspjeha u matematici. No, za njih se na\u017ealost, smatra njegova majka, saznalo tek kada je oti\u0161ao u inostranstvo.Jedan sarajevski gimnazijalac se bar za kratko pobrinuo da se u sumornom medijskom mozaiku Bosne i Hercegovine, obilje\u017eenom politi\u010dkim nesuglasicama, prijetnjama opstanku dr\u017eave, korupcijom [&hellip;]<\/p>\n","protected":false},"author":59,"featured_media":19685,"comment_status":"closed","ping_status":"closed","sticky":false,"template":"","format":"standard","meta":{"inline_featured_image":false,"footnotes":""},"categories":[284,52,69],"tags":[],"class_list":{"0":"post-19684","1":"post","2":"type-post","3":"status-publish","4":"format-standard","5":"has-post-thumbnail","7":"category-izdvojeno","8":"category-obrazovanje","9":"category-ponos-bih"},"acf":[],"_links":{"self":[{"href":"https:\/\/tvsensor.com\/api\/wp\/v2\/posts\/19684","targetHints":{"allow":["GET"]}}],"collection":[{"href":"https:\/\/tvsensor.com\/api\/wp\/v2\/posts"}],"about":[{"href":"https:\/\/tvsensor.com\/api\/wp\/v2\/types\/post"}],"author":[{"embeddable":true,"href":"https:\/\/tvsensor.com\/api\/wp\/v2\/users\/59"}],"replies":[{"embeddable":true,"href":"https:\/\/tvsensor.com\/api\/wp\/v2\/comments?post=19684"}],"version-history":[{"count":1,"href":"https:\/\/tvsensor.com\/api\/wp\/v2\/posts\/19684\/revisions"}],"predecessor-version":[{"id":19686,"href":"https:\/\/tvsensor.com\/api\/wp\/v2\/posts\/19684\/revisions\/19686"}],"wp:featuredmedia":[{"embeddable":true,"href":"https:\/\/tvsensor.com\/api\/wp\/v2\/media\/19685"}],"wp:attachment":[{"href":"https:\/\/tvsensor.com\/api\/wp\/v2\/media?parent=19684"}],"wp:term":[{"taxonomy":"category","embeddable":true,"href":"https:\/\/tvsensor.com\/api\/wp\/v2\/categories?post=19684"},{"taxonomy":"post_tag","embeddable":true,"href":"https:\/\/tvsensor.com\/api\/wp\/v2\/tags?post=19684"}],"curies":[{"name":"wp","href":"https:\/\/api.w.org\/{rel}","templated":true}]}}