{"id":19680,"date":"2020-11-25T18:14:56","date_gmt":"2020-11-25T17:14:56","guid":{"rendered":"https:\/\/senzor.ba\/?p=19680"},"modified":"2024-01-15T21:42:09","modified_gmt":"2024-01-15T20:42:09","slug":"denis-zvizdic-za-klix-ba-moj-uslov-da-ostanem-u-sda-je-ostavka-pojedinaca-koji-stalno-nanose-stetu","status":"publish","type":"post","link":"https:\/\/tvsensor.com\/clanak\/denis-zvizdic-za-klix-ba-moj-uslov-da-ostanem-u-sda-je-ostavka-pojedinaca-koji-stalno-nanose-stetu\/","title":{"rendered":"Denis Zvizdi\u0107 za Klix.ba: Moj uslov da ostanem u SDA je ostavka pojedinaca koji stalno nanose \u0161tetu"},"content":{"rendered":"\n<p>Ukoliko ne do\u0111e do temeljnih kadrovskih promjena u Stranci demokratske akcije (SDA) te preuzimanja odgovornosti za katastrofalne rezultate na Lokalnim izborima potpredsjednik SDA i dopredsjedavaju\u0107i Zastupni\u010dkog doma Parlamenta BiH Denis Zvizdi\u0107 mogao bi napustiti ovu stranku.Ovo je u otvorenom razgovoru za Klix.ba potvrdio i sam Zvizdi\u0107 rekav\u0161i da je&nbsp;<strong>uslov njegovog, ali i ostanka mnogih drugih \u010dlanova, prihvatanje odgovornosti za najgori izborni rezultat u historiji SDA, te momentalna i neopoziva ostavka \u010ditavog Kantonalnog odbora stranke.<\/strong><\/p>\n\n\n\n<p>&#8220;Predsjednik Kantonalnog odbora i njegovi potpredsjednici, uklju\u010duju\u0107i i gospo\u0111u Izetbegovi\u0107, moraju odstupiti sa funkcija koje imaju u stranci. Ovo je jedini na\u010din da se SDA spasi i da se poku\u0161a vratiti povjerenje bira\u010da. Stranka se mora resetovati. Da je SDA pobjedila na nivou KS ko bi bio prvi ko bi ponio lovorike zbog pobjede? Pa naravno Kantonalni odbor. Me\u0111utim sada, kada je SDA do\u017eivjela poni\u017eavaju\u0107i, brutalni poraz oni bje\u017ee od odgovornosti&#8221;, navodi Zvizdi\u0107.<\/p>\n\n\n\n<p>Zvizdi\u0107 je posebno istakao da je&nbsp;<strong>poni\u017eenje na Lokalnim izborima, koje je SDA do\u017eivjela, rezultat brojnih devijacija i afera u kojima je ova stranka u\u010destvovala<\/strong>.<\/p>\n\n\n\n<p>&#8220;Tu mislim na aferu &#8216;Sarajli\u0107&#8217; i &#8216;Respiratori&#8217;. Tako\u0111er, mislim i na nesre\u0111eno i haoti\u010dno stanje u zdravstvu za vrijeme pandemije koronavirusa koje je izazvalo veliku nesigurnost me\u0111u gra\u0111anima. Mjesecima svjedo\u010dimo nesre\u0111enom zdravstvenom sistemu u KS i jednoj op\u0107oj nesigurnosti u sferi javnog zdravstva oko koje se ni\u0161ta ne poduzima. Razlog tome je \u0161to smo na klju\u010dna mjesta postavili potpuno nekompetentne i nedovoljno obrazovane kadrove&#8221;, istakao je Zvizdi\u0107.<\/p>\n\n\n\n<p>Kazao je da odgovornost treba preuzeti i zbog neadekvatnog odgovora u ekonomskom smislu na posljedice pandemije koronavirusa.<\/p>\n\n\n\n<p>&#8220;Svu \u0161tetu je u potpunosti pretrpio realni sektor dok javna administracija nije osjetila nikakve posljedice.&nbsp;<strong>Moramo se izviniti gra\u0111anima zbog ovog, kao i svih afera u kojima su u\u010destvovali kadrovi SDA.&nbsp;<\/strong>\u017dao mi je da su pojedini kadrovi stranke, poput Ajnad\u017ei\u0107a, Kold\u017ee ili Fazli\u0107a, koji su radili dobar posao, postali kolateralna \u0161teta ambijenta koji je stvoren. I sve to zbog arogantnosti i bahatosti pojedinaca, koji nanose konstantnu \u0161tetu stranci&#8221;, isti\u010de Zvizdi\u0107.<\/p>\n\n\n\n<p>Podcrtao je da, ukoliko ne do\u0111e do preuzimanja odgovornosti,&nbsp;<strong>SDA \u010deka krah na predstoje\u0107im Op\u0107im izborima<\/strong>&nbsp;u na\u0161oj zemlji.<\/p>\n\n\n\n<p>&#8220;SDA se nalazi na prekretnici.&nbsp;<strong>Ostajem u stranci pod uvjetom da se zahvalimo ovim pojedincima koji nanose stalnu \u0161tetu.<\/strong>&nbsp;Poraz u Sarajevu je poni\u017eavaju\u0107i. Ipak je Sarajevo glavni grad BiH, avangarda, to je na\u0161e lice prema svijetu, a SDA ga je izgubila. Rekonstrukcija stranke mora krenuti u Sarajevu. Ne treba nikakva vje\u0161ta\u010dka analiza kad imate ovakve katastrofalne rezultate. Analize treba praviti budu\u0107i sastav kantonalnog odbora. Govoriti otvoreno, slobodno i istinu je najljekovitiji na\u010din vra\u0107anja povjerenja SDA&#8221;, podcrtao je Zvizdi\u0107.<\/p>\n","protected":false},"excerpt":{"rendered":"<p>Ukoliko ne do\u0111e do temeljnih kadrovskih promjena u Stranci demokratske akcije (SDA) te preuzimanja odgovornosti za katastrofalne rezultate na Lokalnim izborima potpredsjednik SDA i dopredsjedavaju\u0107i Zastupni\u010dkog doma Parlamenta BiH Denis Zvizdi\u0107 mogao bi napustiti ovu stranku.Ovo je u otvorenom razgovoru za Klix.ba potvrdio i sam Zvizdi\u0107 rekav\u0161i da je&nbsp;uslov njegovog, ali i ostanka mnogih drugih [&hellip;]<\/p>\n","protected":false},"author":59,"featured_media":19681,"comment_status":"closed","ping_status":"closed","sticky":false,"template":"","format":"standard","meta":{"inline_featured_image":false,"footnotes":""},"categories":[75],"tags":[],"class_list":{"0":"post-19680","1":"post","2":"type-post","3":"status-publish","4":"format-standard","5":"has-post-thumbnail","7":"category-intervju"},"acf":[],"_links":{"self":[{"href":"https:\/\/tvsensor.com\/api\/wp\/v2\/posts\/19680","targetHints":{"allow":["GET"]}}],"collection":[{"href":"https:\/\/tvsensor.com\/api\/wp\/v2\/posts"}],"about":[{"href":"https:\/\/tvsensor.com\/api\/wp\/v2\/types\/post"}],"author":[{"embeddable":true,"href":"https:\/\/tvsensor.com\/api\/wp\/v2\/users\/59"}],"replies":[{"embeddable":true,"href":"https:\/\/tvsensor.com\/api\/wp\/v2\/comments?post=19680"}],"version-history":[{"count":1,"href":"https:\/\/tvsensor.com\/api\/wp\/v2\/posts\/19680\/revisions"}],"predecessor-version":[{"id":19682,"href":"https:\/\/tvsensor.com\/api\/wp\/v2\/posts\/19680\/revisions\/19682"}],"wp:featuredmedia":[{"embeddable":true,"href":"https:\/\/tvsensor.com\/api\/wp\/v2\/media\/19681"}],"wp:attachment":[{"href":"https:\/\/tvsensor.com\/api\/wp\/v2\/media?parent=19680"}],"wp:term":[{"taxonomy":"category","embeddable":true,"href":"https:\/\/tvsensor.com\/api\/wp\/v2\/categories?post=19680"},{"taxonomy":"post_tag","embeddable":true,"href":"https:\/\/tvsensor.com\/api\/wp\/v2\/tags?post=19680"}],"curies":[{"name":"wp","href":"https:\/\/api.w.org\/{rel}","templated":true}]}}