{"id":19669,"date":"2020-11-25T15:39:24","date_gmt":"2020-11-25T14:39:24","guid":{"rendered":"https:\/\/senzor.ba\/?p=19669"},"modified":"2024-01-15T21:42:09","modified_gmt":"2024-01-15T20:42:09","slug":"erdogan-neprijatelji-islama-i-muslimana-su-i-predsjednici-nekih-drzava","status":"publish","type":"post","link":"https:\/\/tvsensor.com\/clanak\/erdogan-neprijatelji-islama-i-muslimana-su-i-predsjednici-nekih-drzava\/","title":{"rendered":"Erdogan: Neprijatelji islama i muslimana su i predsjednici nekih dr\u017eava"},"content":{"rendered":"\n<p>Predsjednik Turske Recep Tayyip Erdogan izjavio je u srijedu kako je&nbsp;neprijateljstvo prema islamu i muslimanima postalo politika koju brane i predsjednici nekih evropskih dr\u017eava.<\/p>\n\n\n\n<p>&#8220;Muslimani su suo\u010deni s istom kampanjom lin\u010da i mr\u017enje koja je u Evropi provo\u0111ena nad Jevrejima uo\u010di Drugog svjetskog rata&#8221;, kazao je on, prenosi Anadolija<\/p>\n\n\n\n<p>Turski predsjednik je rekao&nbsp;da se prava i slobode miliona muslimana u Evropi ne mogu prepustiti na volju nesposobnih politi\u010dara.<\/p>\n\n\n\n<p>&#8220;Na me\u0111unarodnim platformama i u okvirima prava i demokratije moramo se boriti protiv kulturnog rasizma, koji je Zapad preplavio poput kuge. Ujedinjenje na\u0161ih snaga je put za tu borbu, bez ikakve sumnje&#8221;, izjavio&nbsp;je Erdogan.<\/p>\n\n\n\n<p>Kazao je&nbsp;kako je pandemija COVID-19 podsjetila da \u010dovje\u010danstvo dijeli istu sudbinu i da se &#8220;svi nalazimo na istom brodu, bez obzira na vjeru, jezik ili naciju&#8221;.<\/p>\n\n\n\n<p>Iz Predsjedni\u010dke palate odr\u017eao je uvodno izlaganje na po\u010detku 36. zasjedanja Stalnog komiteta za ekonomsku i komercijalnu saradnju pri Organizaciji islamske saradnje (COMCEC).<\/p>\n\n\n\n<h4 class=\"wp-block-heading\">Svim&nbsp;resursima protiv COVOD-19<\/h4>\n\n\n\n<p>&#8220;Neophodno je da sve raspolo\u017eive resurse stavimo na raspolaganje kako bismo ubla\u017eili negativne posljedice pandemije COVID-19 na ekonomiju, proizvodnju i kontinuitet potra\u017enje na tr\u017ei\u0161tu&#8221;, rekao je Erdogan.<\/p>\n\n\n\n<p>U obra\u0107anju u\u010desnicima online zasjedanja COMCEC-a kazao je kako&nbsp;je neophodno aktivirati subvencije i olak\u0161ice u me\u0111unarodnoj trgovini, kako bi se izbjegle pogubne posljedice pandemije u toj oblasti.<\/p>\n\n\n\n<p>Smatra&nbsp;da \u0107e aktuelni globalni ekonomski sistem, koji je zasnovan na kamatama, u budu\u0107nosti zamijeniti participacija zasnovana na podjeli rizika.<\/p>\n\n\n\n<p>&#8220;Trebamo ubrzati procese za kori\u0161tenje doma\u0107ih valuta u trgovini, kako bismo otklonili pritiske koje posredstvom kursa valuta trpe na\u0161e ekonomije i trgovine&#8221;, poru\u010dio je.<\/p>\n\n\n\n<p>Erdogan je naglasio da su jedinstvo i efikasna saradnja \u010dlanica COMCEC-a klju\u010d uspjeha na svim poljima, uklju\u010duju\u0107i borbu za palestinsko pitanje.<\/p>\n\n\n\n<p><em>Izvor: Agencije<\/em><\/p>\n","protected":false},"excerpt":{"rendered":"<p>Predsjednik Turske Recep Tayyip Erdogan izjavio je u srijedu kako je&nbsp;neprijateljstvo prema islamu i muslimanima postalo politika koju brane i predsjednici nekih evropskih dr\u017eava. &#8220;Muslimani su suo\u010deni s istom kampanjom lin\u010da i mr\u017enje koja je u Evropi provo\u0111ena nad Jevrejima uo\u010di Drugog svjetskog rata&#8221;, kazao je on, prenosi Anadolija Turski predsjednik je rekao&nbsp;da se prava [&hellip;]<\/p>\n","protected":false},"author":59,"featured_media":19670,"comment_status":"closed","ping_status":"closed","sticky":false,"template":"","format":"standard","meta":{"inline_featured_image":false,"footnotes":""},"categories":[41],"tags":[],"class_list":{"0":"post-19669","1":"post","2":"type-post","3":"status-publish","4":"format-standard","5":"has-post-thumbnail","7":"category-svijet"},"acf":[],"_links":{"self":[{"href":"https:\/\/tvsensor.com\/api\/wp\/v2\/posts\/19669","targetHints":{"allow":["GET"]}}],"collection":[{"href":"https:\/\/tvsensor.com\/api\/wp\/v2\/posts"}],"about":[{"href":"https:\/\/tvsensor.com\/api\/wp\/v2\/types\/post"}],"author":[{"embeddable":true,"href":"https:\/\/tvsensor.com\/api\/wp\/v2\/users\/59"}],"replies":[{"embeddable":true,"href":"https:\/\/tvsensor.com\/api\/wp\/v2\/comments?post=19669"}],"version-history":[{"count":1,"href":"https:\/\/tvsensor.com\/api\/wp\/v2\/posts\/19669\/revisions"}],"predecessor-version":[{"id":19671,"href":"https:\/\/tvsensor.com\/api\/wp\/v2\/posts\/19669\/revisions\/19671"}],"wp:featuredmedia":[{"embeddable":true,"href":"https:\/\/tvsensor.com\/api\/wp\/v2\/media\/19670"}],"wp:attachment":[{"href":"https:\/\/tvsensor.com\/api\/wp\/v2\/media?parent=19669"}],"wp:term":[{"taxonomy":"category","embeddable":true,"href":"https:\/\/tvsensor.com\/api\/wp\/v2\/categories?post=19669"},{"taxonomy":"post_tag","embeddable":true,"href":"https:\/\/tvsensor.com\/api\/wp\/v2\/tags?post=19669"}],"curies":[{"name":"wp","href":"https:\/\/api.w.org\/{rel}","templated":true}]}}