{"id":19666,"date":"2020-11-25T15:38:09","date_gmt":"2020-11-25T14:38:09","guid":{"rendered":"https:\/\/senzor.ba\/?p=19666"},"modified":"2024-01-15T21:42:10","modified_gmt":"2024-01-15T20:42:10","slug":"video-izraelske-snage-pokusale-oteti-ranjenog-palestinca","status":"publish","type":"post","link":"https:\/\/tvsensor.com\/clanak\/video-izraelske-snage-pokusale-oteti-ranjenog-palestinca\/","title":{"rendered":"(VIDEO) Izraelske snage poku\u0161ale oteti ranjenog Palestinca"},"content":{"rendered":"\n<p>Izraelske snage su poku\u0161ale&nbsp;iz vozila hitne pomo\u0107i&nbsp;oteti Palestinca koji je ranjen tokom protesta protiv vlasti Tel Aviva na podru\u010dju Jordanske&nbsp;doline.<\/p>\n\n\n\n<p>Izraelske snage na silu su poku\u0161avale izvesti ranjenog Palestinca iz vozila Crvenog polumjeseca, pi\u0161e Anadolija, \u010diji je snimatelj zabilje\u017eio incident.<\/p>\n\n\n\n<figure class=\"wp-block-embed-twitter wp-block-embed is-type-rich is-provider-twitter\"><div class=\"wp-block-embed__wrapper\">\n<blockquote class=\"twitter-tweet\" data-width=\"550\" data-dnt=\"true\"><p lang=\"en\" dir=\"ltr\">The video was filmed today following a peaceful protests against settlements activity at one of the West Bank&#39;s Israeli checkpoints. <br>Fully armed Israeli soldiers were attempting to arrest from inside the medical ambulance one of the wounded protesters! <a href=\"https:\/\/t.co\/MNgXU0jR1H\">pic.twitter.com\/MNgXU0jR1H<\/a><\/p>&mdash; Ramy Abdu| \u0631\u0627\u0645\u064a \u0639\u0628\u062f\u0647 (@RamAbdu) <a href=\"https:\/\/twitter.com\/RamAbdu\/status\/1331364355863162882?ref_src=twsrc%5Etfw\">November 24, 2020<\/a><\/blockquote><script async src=\"https:\/\/platform.twitter.com\/widgets.js\" charset=\"utf-8\"><\/script>\n<\/div><\/figure>\n\n\n\n<p>U snimku Ebu Sakra&nbsp;se pojavljuju izraelski vojnici koji otvaraju vrata vozila hitne pomo\u0107i te poku\u0161avaju na silu izvesti ranjenog Palestinca.<\/p>\n\n\n\n<p>Izraelski vojnici su pretukli i zdravstvenog radnika koji se nalazio u vozilu.<\/p>\n\n\n\n<h4 class=\"wp-block-heading\">Suzavac, plasti\u010dna i bojeva municije&nbsp;<\/h4>\n\n\n\n<p>Poku\u0161avali su izvesti ranjenika&nbsp;uprkos njegovim bolnim uzvicima.<\/p>\n\n\n\n<p>Drugi zdravstveni radnik iz vozila hitne pomo\u0107i uspio je&nbsp;istjerati vojnike iz vozila,&nbsp;zatvoriti vrata te se udaljiti sa mjesta doga\u0111aja.<\/p>\n\n\n\n<p>U utorak&nbsp;je odr\u017ean protest u selu Gornja Hammisa, u blizini Jordanske doline,&nbsp;koje je ranije bilo meta izraelske politike ru\u0161enja.<\/p>\n\n\n\n<p>Izraelske snage su koristile suzavac, plasti\u010dne i bojeve&nbsp;metke kako bi rastjerale demonstrante.<\/p>\n\n\n\n<p>Vojnici su tokom intervencije trojicu&nbsp;demonstranata ranili plasti\u010dnim mecima, dok je veliki broj demonstranata bio meta suzavca.<\/p>\n\n\n\n<p><em>Izvor: Agencije<\/em><\/p>\n","protected":false},"excerpt":{"rendered":"<p>Izraelske snage su poku\u0161ale&nbsp;iz vozila hitne pomo\u0107i&nbsp;oteti Palestinca koji je ranjen tokom protesta protiv vlasti Tel Aviva na podru\u010dju Jordanske&nbsp;doline. Izraelske snage na silu su poku\u0161avale izvesti ranjenog Palestinca iz vozila Crvenog polumjeseca, pi\u0161e Anadolija, \u010diji je snimatelj zabilje\u017eio incident. U snimku Ebu Sakra&nbsp;se pojavljuju izraelski vojnici koji otvaraju vrata vozila hitne pomo\u0107i te poku\u0161avaju [&hellip;]<\/p>\n","protected":false},"author":59,"featured_media":19667,"comment_status":"closed","ping_status":"closed","sticky":false,"template":"","format":"standard","meta":{"inline_featured_image":false,"footnotes":""},"categories":[41],"tags":[],"class_list":{"0":"post-19666","1":"post","2":"type-post","3":"status-publish","4":"format-standard","5":"has-post-thumbnail","7":"category-svijet"},"acf":[],"_links":{"self":[{"href":"https:\/\/tvsensor.com\/api\/wp\/v2\/posts\/19666","targetHints":{"allow":["GET"]}}],"collection":[{"href":"https:\/\/tvsensor.com\/api\/wp\/v2\/posts"}],"about":[{"href":"https:\/\/tvsensor.com\/api\/wp\/v2\/types\/post"}],"author":[{"embeddable":true,"href":"https:\/\/tvsensor.com\/api\/wp\/v2\/users\/59"}],"replies":[{"embeddable":true,"href":"https:\/\/tvsensor.com\/api\/wp\/v2\/comments?post=19666"}],"version-history":[{"count":1,"href":"https:\/\/tvsensor.com\/api\/wp\/v2\/posts\/19666\/revisions"}],"predecessor-version":[{"id":19668,"href":"https:\/\/tvsensor.com\/api\/wp\/v2\/posts\/19666\/revisions\/19668"}],"wp:featuredmedia":[{"embeddable":true,"href":"https:\/\/tvsensor.com\/api\/wp\/v2\/media\/19667"}],"wp:attachment":[{"href":"https:\/\/tvsensor.com\/api\/wp\/v2\/media?parent=19666"}],"wp:term":[{"taxonomy":"category","embeddable":true,"href":"https:\/\/tvsensor.com\/api\/wp\/v2\/categories?post=19666"},{"taxonomy":"post_tag","embeddable":true,"href":"https:\/\/tvsensor.com\/api\/wp\/v2\/tags?post=19666"}],"curies":[{"name":"wp","href":"https:\/\/api.w.org\/{rel}","templated":true}]}}