{"id":19663,"date":"2020-11-25T15:25:38","date_gmt":"2020-11-25T14:25:38","guid":{"rendered":"https:\/\/senzor.ba\/?p=19663"},"modified":"2024-01-15T21:42:10","modified_gmt":"2024-01-15T20:42:10","slug":"ponovo-blamaza-iz-rs-a-podnesena-krivicna-prijava-protiv-valentina-inzka-a-dolazi-od-covjeka-ciji-je-idol-zlocinac-mladic","status":"publish","type":"post","link":"https:\/\/tvsensor.com\/clanak\/ponovo-blamaza-iz-rs-a-podnesena-krivicna-prijava-protiv-valentina-inzka-a-dolazi-od-covjeka-ciji-je-idol-zlocinac-mladic\/","title":{"rendered":"PONOVO BLAMA\u017dA IZ RS-a: Podnesena krivi\u010dna prijava protiv Valentina Inzka, a dolazi od \u010dovjeka \u010diji je idol zlo\u010dinac Mladi\u0107"},"content":{"rendered":"\n<p>Predsjednik Udru\u017eenja gra\u0111ana \u201cIsto\u010dna alternativa\u201d Republike Srpske&nbsp;<strong>Vojin Pavlovi\u0107<\/strong>&nbsp;podnio je danas Osnovnom sudu u Srebrenici krivi\u010dnu prijavu protiv visokog predstavnika me\u0111unarodne zajednice u BiH&nbsp;<strong>Valentina Inzka<\/strong>&nbsp;zbog njegove najave nametanja zakona o zabrani negiranja genocida, \u010dime, kako je navedeno, kr\u0161i Ustav i zakone BiH.<\/p>\n\n\n\n<p>Pavlovi\u0107 je rekao da najavljenim nametanjem tog zakona Inzko \u201c\u010dini jedan od najve\u0107ih zlo\u010dina \u2013 zlo\u010din protiv mira\u201d.<\/p>\n\n\n\n<p>\u201cUkoliko bude taj zakon nametnut, BiH i okru\u017eenje ne\u0107e biti pasivno i mogu\u0107e je izazivanje sukoba i smatramo da Inzko, zbog ugro\u017eavanja mira, treba da odgovara iako ima diplomatski imunitet\u201d, poru\u010dio je Pavlovi\u0107.<\/p>\n\n\n\n<p>On ka\u017ee da \u201cIsto\u010dna alternativa\u201d \u017eeli da iz Srebrenice poru\u010di da \u0107e, ukoliko do\u0111e do nametanja tog zakona, podi\u0107i narod na noge po uzoru na Srbe u Crnoj Gori.<\/p>\n\n\n\n<p>\u201cMi ne \u017eelimo sukobe i rat nego stabilnu i jaku Republiku Srpsku\u201d, istaknuo je predsjednik \u201cIsto\u010dne alternative\u201d.<\/p>\n\n\n\n<p>Pavlovi\u0107 smatra da Inzko svojim bahatim odnosom, provode\u0107i zamisli&nbsp;<strong>Benjamina Kalaja<\/strong>&nbsp;o jedinstvenoj bosanskoj naciji, \u017eeli da srpski narod uni\u0161ti i protjera iz BiH nametanjem zakona prema kojem svako mo\u017ee biti optu\u017een za izno\u0161enje mi\u0161ljenja ili utvr\u0111ivanje istine o ratnim stradanjima.<\/p>\n\n\n\n<p>\u201cNema vi\u0161e \u0107utanja! Sva dozvoljena pravna sredstva bi\u0107e upotrijebljena za odbranu Republike Srpske\u201d, poru\u010dio je Pavlovi\u0107.<\/p>\n\n\n\n<p>U prijavi za pokretanje krivi\u010dne tu\u017ebe protiv Inzka tra\u017ei se da nadle\u017eni organi provedu istragu i utvrde ko stoji iza nametanja tog zakona i da odgovara po me\u0111unarodnim zakonima za izazivanje sukob.<\/p>\n\n\n\n<p>\u201cIsto\u010dna alternativa\u201d tra\u017ei i preispitivanje Inzkovog odnosa i pre\u0161utnog odobravanja djelovanju teroristi\u010dkih islamisti\u010dkih organizacija u BiH koje siju smrt u Evropi i svijetu, pi\u0161e Crna-Hronika.info.<\/p>\n\n\n\n<p>U prijavi se od pravosu\u0111a tra\u017ei da saslu\u0161a Inzka u vezi sa prikrivanjem dokaza o zlo\u010dinima koje su mud\u017eahedini po\u010dinili nad srpskim narodom od 1992. do 1995. godine.<\/p>\n\n\n\n<figure class=\"wp-block-image\"><img decoding=\"async\" src=\"https:\/\/crna-hronika.info\/wp-content\/uploads\/2020\/11\/prijava.png\" alt=\"alt\"\/><\/figure>\n\n\n\n<p>\u201cIsto\u010dna alternativa\u201d zahtijeva da pravosu\u0111e \u0161to hitnije sprovede istragu zbog stalnog pritiska OHR-a na Republiku Srpsku i da Inzko sa saradnicima bude progla\u0161en nepo\u017eeljnom osobom u Srpskoj i BiH, a da se sredstva za rad OHR-a usmjere za borbu protiv kovida-19.<\/p>\n\n\n\n<p>Visoki predstavnik u BiH Valentin Inzko nedavno je najavio da je spreman da nemetne zakon o zabrani negiranja genocida ukoliko ne bude usvojen do 11. jula naredne godine.<\/p>\n","protected":false},"excerpt":{"rendered":"<p>Predsjednik Udru\u017eenja gra\u0111ana \u201cIsto\u010dna alternativa\u201d Republike Srpske&nbsp;Vojin Pavlovi\u0107&nbsp;podnio je danas Osnovnom sudu u Srebrenici krivi\u010dnu prijavu protiv visokog predstavnika me\u0111unarodne zajednice u BiH&nbsp;Valentina Inzka&nbsp;zbog njegove najave nametanja zakona o zabrani negiranja genocida, \u010dime, kako je navedeno, kr\u0161i Ustav i zakone BiH. Pavlovi\u0107 je rekao da najavljenim nametanjem tog zakona Inzko \u201c\u010dini jedan od najve\u0107ih zlo\u010dina [&hellip;]<\/p>\n","protected":false},"author":59,"featured_media":19664,"comment_status":"closed","ping_status":"closed","sticky":false,"template":"","format":"standard","meta":{"inline_featured_image":false,"footnotes":""},"categories":[37,38],"tags":[],"class_list":{"0":"post-19663","1":"post","2":"type-post","3":"status-publish","4":"format-standard","5":"has-post-thumbnail","7":"category-vijesti","8":"category-vijesti-iz-bih"},"acf":[],"_links":{"self":[{"href":"https:\/\/tvsensor.com\/api\/wp\/v2\/posts\/19663","targetHints":{"allow":["GET"]}}],"collection":[{"href":"https:\/\/tvsensor.com\/api\/wp\/v2\/posts"}],"about":[{"href":"https:\/\/tvsensor.com\/api\/wp\/v2\/types\/post"}],"author":[{"embeddable":true,"href":"https:\/\/tvsensor.com\/api\/wp\/v2\/users\/59"}],"replies":[{"embeddable":true,"href":"https:\/\/tvsensor.com\/api\/wp\/v2\/comments?post=19663"}],"version-history":[{"count":1,"href":"https:\/\/tvsensor.com\/api\/wp\/v2\/posts\/19663\/revisions"}],"predecessor-version":[{"id":19665,"href":"https:\/\/tvsensor.com\/api\/wp\/v2\/posts\/19663\/revisions\/19665"}],"wp:featuredmedia":[{"embeddable":true,"href":"https:\/\/tvsensor.com\/api\/wp\/v2\/media\/19664"}],"wp:attachment":[{"href":"https:\/\/tvsensor.com\/api\/wp\/v2\/media?parent=19663"}],"wp:term":[{"taxonomy":"category","embeddable":true,"href":"https:\/\/tvsensor.com\/api\/wp\/v2\/categories?post=19663"},{"taxonomy":"post_tag","embeddable":true,"href":"https:\/\/tvsensor.com\/api\/wp\/v2\/tags?post=19663"}],"curies":[{"name":"wp","href":"https:\/\/api.w.org\/{rel}","templated":true}]}}