{"id":19660,"date":"2020-11-25T15:10:10","date_gmt":"2020-11-25T14:10:10","guid":{"rendered":"https:\/\/senzor.ba\/?p=19660"},"modified":"2024-01-15T21:42:10","modified_gmt":"2024-01-15T20:42:10","slug":"vjerski-poglavari-za-hayat-bih-je-nasa-majka-ako-covjek-ne-zna-voljeti-majku-onda-ne-zna-voljeti-zivot","status":"publish","type":"post","link":"https:\/\/tvsensor.com\/clanak\/vjerski-poglavari-za-hayat-bih-je-nasa-majka-ako-covjek-ne-zna-voljeti-majku-onda-ne-zna-voljeti-zivot\/","title":{"rendered":"Vjerski poglavari za Hayat: BiH je na\u0161a majka, ako \u010dovjek ne zna voljeti majku onda ne zna voljeti \u017eivot"},"content":{"rendered":"\n<p>Za Hayat TV govorili su poglavari vjerskih zajednica povodom Dana Dr\u017eavnosti BiH.<\/p>\n\n\n\n<p>Reisul-ulema Islamske zajednice u Bosni i Hercegovini, Husein ef. Kavazovi\u0107 za Hayat televiziju govorio je o na\u0161oj jedinoj domovini Bosni i Hercegovini, na njen ro\u0111endan.<\/p>\n\n\n\n<p>Evo \u0161ta je kazao:<\/p>\n\n\n\n<ul class=\"wp-block-list\"><li>Za domovinu se \u017eivi, za nju se \u017ertvuje. O njoj se pjeva, o njoj se razmi\u0161lja,\u00a0 o njoj se sanja, ona je uvijek u srcu, ona je uvijek u mislima gdje god i\u0161li, gdje god se na\u0161li postoji domovina, postoji mjesto kojem pripadate na koncu i ona je za nas sve \u0161to imamo, i ne\u0161to najvrijednije \u0161to svakako nosimo u sebi.<\/li><\/ul>\n\n\n\n<ul class=\"wp-block-list\"><li>\u00a0\u00a0Ona se mora voliti, a voliti se mo\u017ee ako se bude gradila, ako se bude ulagalo u domovinu, ako se bude iskazivala ljubav prema njoj i naravno u njoj harmoni\u010dno \u017eivjeli svi gra\u0111ani i narodi i ako budemo jedni druge po\u0161tivali\u00a0 i cijenili dostojanstvo svakoga \u010dovjeka.<\/li><\/ul>\n\n\n\n<ul class=\"wp-block-list\"><li>\u00a0\u00a0\u00a0Ako budemo iskreni prema sebi prema svojoj domovini onda \u0107emo naravno lak\u0161e prebroditi i izazove koje imamo. Mi smo imali te\u0161kih momenata. Bilo je u povijesti Bosne i Hercegovine i unutar nje te\u0161kih razdora, razmirica. Ali smatram da je jako va\u017eno da svaku stvar nazovemo imenom,pravim imenom i da ka\u017eemo, i ako mogu tako da ka\u017eem upremo prstom u krivce onoga \u0161to nam se lo\u0161e dogodilo kao isto tako da upremo prstom u ono \u0161to je dobro bilo, one ljude koji su svojom \u017ertvom doprinijeli da ova dr\u017eava opstoji i ovakva kakva ona jeste.<\/li><\/ul>\n\n\n\n<ul class=\"wp-block-list\"><li>Mi kao Bosanci i Hercegovci smo navikli na neki na\u010din da \u017eivimo u razli\u010ditosti, \u010dak bi kazao da je Bosna i Hercegovina du\u0161a ovoga prostora. Ona na neki na\u010din odr\u017eava cijeli Balkan, nije to samo prostor ove na\u0161e dr\u017eave Bosne i Hercegovine nego i puno \u0161ire. Ona u sebi smiruje razli\u010ditosti kao takve i smatram da je Bosna i Hercegovina ne samo mogu\u0107a dr\u017eava, ona je nu\u017ena dr\u017eava za Balkan. Nu\u017ena za \u0161iri prostor, i ona je na neki na\u010din ogledalo mogli bismo kazati i Evrope jer ako Bosna i Hercegovina kao takva mo\u017ee opstojati, onda mo\u017ee opstojati i Evropa, mogu opstojati razli\u010ditosti u Evropi\u00a0 i razvijati se svi u jednoj harmoniji. Moramo na\u0107i naravno zajedni\u010dki jezik, moramo ga svaki dan tragati za njim. Ne zna\u010di da u jednom trenutku ako i do\u0111emo do nekog dogovora i odre\u0111enih odnosa koji su harmonizirani me\u0111u nama, to ne zna\u010di da sutra ne mo\u017ee biti novi izazov.Zbog toga je uvijek va\u017eno tragati za odgovorima i uvijek pru\u017eati \u0161ansu i priliku da se \u017eivi u skladu i harmoniji.<\/li><\/ul>\n\n\n\n<figure class=\"wp-block-embed-youtube wp-block-embed is-type-video is-provider-youtube wp-embed-aspect-16-9 wp-has-aspect-ratio\"><div class=\"wp-block-embed__wrapper\">\n<iframe loading=\"lazy\" title=\"REIS KAVAZOVI\u0106 ZA HAYAT: BOSNA I HERCEGOVINA JE NE SAMO MOGU\u0106A, ONA JE NU\u017dNA ZA BALKAN\" width=\"696\" height=\"392\" src=\"https:\/\/www.youtube.com\/embed\/quwKkDGTjRY?feature=oembed&#038;enablejsapi=1\" frameborder=\"0\" allow=\"accelerometer; autoplay; clipboard-write; encrypted-media; gyroscope; picture-in-picture\" allowfullscreen><\/iframe>\n<\/div><\/figure>\n\n\n\n<p><strong>Za Hayat televiziju o domovini Bosni i Hercegovini, na njen ro\u0111endan, govorio je i kardinal Vinko Pulji\u0107.<\/strong><\/p>\n\n\n\n<p>U nastavku pro\u010ditajte \u0161ta je poru\u010dio:<\/p>\n\n\n\n<ul class=\"wp-block-list\"><li>U prvom redu trebamo malo gledati i povijesno. Bosna i Hercegovina nije nastala nakon II svjetskog rata, ona ima svoju povijest. Bosna i Hercegovina je moja ku\u0107a, moja domovina u njoj sam rodio se i \u017eivot utro\u0161io, tako da ja u toj zemlji na neki na\u010din \u017eelim dovr\u0161iti svoj \u017eivot. Posebno bih htio da sa\u010duvamo onaj mentalitet koji u Bosni i Hercegovini postoji. Ja \u0107u iznijeti svoje iskustvo bez obzira na nacionalno i vjersko, osobno prije nego \u0161to je ova politika zatrovala odnose. Gdje god do\u0111em, svi su ljudi odmah upitali \u201e\u010dime vas mo\u017eemo po\u010dastiti?\u201c. Ne pita koje si vjere, koje nacije, \u201eho\u0107ete li \u0161togod popiti, \u0161togod potro\u0161iti\u201c. To ne\u0107emo na\u0107i na drugim mjestima i zato je potrebno taj kom\u0161ijski,susjedski duh, gostoljubivost sa\u010duvati i na\u0161 \u010dvjek rado po\u010dasti onog ko mu do\u0111e. Istini za volju, \u0107e biti sumnji\u010davo a \u0161to je on do\u0161ao jer cijeli \u017eivot su nas trali drugi i onda uvukla se jedna sumnja me\u0111u ljude. Zato je potrebno vratiti povjerenje me\u0111u ljude, da mi prihvatimo sebe, svoje razli\u010ditosti i posebno bi molio svjetske \u010delnike koji tobo\u017ee misle da \u0107e izgraditi mir ako uni\u0161te tu raznolikost\u00a0 i pogotovo ne kriviti vjeru \u0161to smo mi razli\u010diti. Treba po\u0161tivati savjest svakog \u010dovjeka i na neki na\u010din tako je lijepo u Bosni i Hercegovini nikla poslovica \u201eneka se svako moli po svom zakonu.\u201c<\/li><\/ul>\n\n\n\n<ul class=\"wp-block-list\"><li>A ako istinski se \u010dovjek Bogu moli, taj \u0107e i \u010dovjeka voljeti. Jer ne vjerujem u molitvu koja \u0161iri mr\u017enju. \u010covjek mora voliti svoj identitet, voliti zemlju gdje je nikao, i na neki na\u010din meni \u010desto puta znaju pomalo nabaciti kako ja pjevam tu pjesmu \u201eTebi majko..\u201c\u2026 Domovina je majka, zemlja je majka,\u00a0 i zato ako \u010dovjek ne zna voljeti majku onda ne zna voljeti \u017eivot. Zato u prvom redu treba tu zemlju voljeti,\u00a0 a ono \u0161to se voli za to se \u017ertvuje, zato se i izgra\u0111uje. Jasno, vrlo je va\u017eno poznavati pro\u0161lost nedati politi\u010dki iskrivljivati pro\u0161lost, nedati manipulirati s pro\u0161lo\u0161\u0107u, nego istinski hrabro pro\u0161lost gledati kao stvarnost a sada\u0161njost imati hrabrosti svaku stvar nazvati pravim imenom i tako zapravo graditi na istini. I zato kada govorimo o Bosni i Hercegovini trebamo uvijek imati u vidu tu na\u0161u raznolikost\u00a0 i ja \u010desto uspore\u0111ujem Bosna i Hercegovina je zemlja koja treba opstati upravo u svojoj raznolikosti i jednakopravnosti a ako ona ne mo\u017ee opstati ni Evropa ne\u0107e opstati.<\/li><\/ul>\n\n\n\n<figure class=\"wp-block-embed-youtube wp-block-embed is-type-video is-provider-youtube wp-embed-aspect-16-9 wp-has-aspect-ratio\"><div class=\"wp-block-embed__wrapper\">\n<iframe loading=\"lazy\" title=\"KARDINAL VINKO PULJI\u0106: AKO BOSNA I HERCEGOVINA NE MO\u017dE OPSTATI, NI EVROPA NE\u0106E OPSTATI\" width=\"696\" height=\"392\" src=\"https:\/\/www.youtube.com\/embed\/BscfK4pUiF8?feature=oembed&#038;enablejsapi=1\" frameborder=\"0\" allow=\"accelerometer; autoplay; clipboard-write; encrypted-media; gyroscope; picture-in-picture\" allowfullscreen><\/iframe>\n<\/div><\/figure>\n\n\n\n<p><strong>Gost specijalnog prijepodnevnog programa Hayat TV-a u povodu Dana dr\u017eavnosti bio je fra Mirko Majdand\u017ei\u0107 gvardijan Franjeva\u010dkog samostana Duha svetoga u Fojnici.<\/strong><\/p>\n\n\n\n<ul class=\"wp-block-list\"><li>Vama i svima koji vole ovu na\u0161u lijepu zemlju neka je Sretan Dan d\u017eavnosti \u2013 kazao je na po\u010detku razgovora fra Mirko.<\/li><\/ul>\n\n\n\n<p>Kao istinski zaljubljenik u Bosnu i Hercegovinu podijelio je sa nama kako se to ona \u010duva, njeguje i voli.<\/p>\n\n\n\n<ul class=\"wp-block-list\"><li>Mislim da bi se mi svi koji ovdje \u017eivimo trebali potruditi da to tako bude ovdje. Trebalo bi da to \u0161to ka\u017eemo da volimo ovu zemlji i poka\u017eemo kroz neka djela, rad i bit \u0107e bolje ovoj zemlji, kao i nama koji \u017eivimo u njoj. Kako se ona mo\u017ee voliti, \u010duvati njegovati, pa ja volim kazati da su najbolji primjer franjevci, koji sada vole, ali koji su je voljeli i kroz povijest i \u010duvali su ono \u0161to je najbolje od nje. Poku\u0161avali su tu ljepotu i dobrotu podijeliti i dalje. Oni su kao i ostali ljudi nekada dokazali da se ovdje mo\u017ee opstat i bez obzira na neke razli\u010ditosti, ali uzvijek uz slogu. Tada smo bili dosta druga\u010diji i bolji od Evrope, koja je u to vrijeme bila neka druga, pa ne vidim za\u0161to to ne bi mogli i sada \u2013 kazao je za Hayat fra Mirko.<\/li><\/ul>\n\n\n\n<p>Franjevci su jako bitni za historiju Bosne. Franjeva\u010dki samostani su bili ne samo vjerska nego i kulturna sjedi\u0161ta, rade na opismenjavanju naroda i \u0161kolovanju vlastitog kadra. Od po\u010detka 17. stolje\u0107a o\u017eivljavaju knji\u017eevnost na narodnom jeziku i narodnom pismu. U 19. stolje\u0107u franjeva\u010dka duhovnost nadahnjuje se na idejama ljudskog preporoda. Uspostavom redovne crkvene hijerarhije 1881. Franjevci i dalje ostaju u Bosni pastoralni radnici sve do danas.<\/p>\n\n\n\n<ul class=\"wp-block-list\"><li>Ja mislim da je veliki broj gra\u0111ana BiH dolazio u na\u0161 samostan u Fojnicu. Mi imamo knjige koje su stare i \u0161tampana 1500. godine. \u010covjek se rodi tu napravi ne\u0161to lijepo. Sve \u0161to je trebalo na\u0161em narodu se ovdje pravilo i koristilo se njeno bogatstvo. Pravilo se onako kako se moglo samo tada proizvoditi u Evropi, da smo mi htjeli raditi kao \u0161to si ljudi u Evropi bili bi bogatiji od Evrope \u2013 kazao nam je fra Mirko Majdand\u017ei\u0107.<\/li><\/ul>\n\n\n\n<figure class=\"wp-block-embed-youtube wp-block-embed is-type-video is-provider-youtube wp-embed-aspect-16-9 wp-has-aspect-ratio\"><div class=\"wp-block-embed__wrapper\">\n<iframe loading=\"lazy\" title=\"FRA MIRKO MAJDAND\u017dI\u0106 ZA HAYAT: LJUBAV PREMA DOMOVINI BI TREBALI POKAZATI KROZ NEKA DJELA\" width=\"696\" height=\"392\" src=\"https:\/\/www.youtube.com\/embed\/9A2xu-xvkOg?feature=oembed&#038;enablejsapi=1\" frameborder=\"0\" allow=\"accelerometer; autoplay; clipboard-write; encrypted-media; gyroscope; picture-in-picture\" allowfullscreen><\/iframe>\n<\/div><\/figure>\n\n\n\n<p><strong>Dr. Eli Tauber, predstavnik Jevrejske zajednice u Bosni i Hercegovini za Hayat televiziju govorio je o na\u0161oj jedinoj domovini Bosni i Hercegovini, na njen ro\u0111endan.<\/strong><\/p>\n\n\n\n<p>Hayat<\/p>\n\n\n\n<p>Njegove rije\u010di prenosimo u cijelosti:<\/p>\n\n\n\n<ul class=\"wp-block-list\"><li>Oduvijek je za mene, da ka\u017eem kao predstavnika Jevrejske zajednice, mislim da govorim u ime velike ve\u0107ine \u010dlanova ovaj praznik koji se odnosi na Bosnu i Herecgovinu bio zna\u010dajan i do\u017eivljavali smo to kao vlastiti praznik ne odvajaju\u0107i od drugih praznika koji su samo na neki na\u010din samo svojstveni\u00a0 Jevrejima u Bosni i Hercegovini.<\/li><\/ul>\n\n\n\n<ul class=\"wp-block-list\"><li>Vrlo je va\u017eno \u010dinjenica da smo mi oduvijek osje\u0107ali Bosnu i Hercegovinu kao svoju dr\u017eavu. Postoji \u010dak i u Talmudu jedna izvanredna re\u010denica koja sa Hebrejskog u prevodu na na\u0161 jezik zna\u010di \u201ezakon dr\u017eave u kojoj ti \u017eivi\u0161 je i tvoj zakon\u201c. To zna\u010di da smo mi i samim Talmudom na neki na\u010din se obavezali da \u0107emo po\u0161tovati zakone dr\u017eave u kojoj \u017eivimo, i da je smatramo svojom dr\u017eavom. Upravo to napominjem iz razloga zato \u0161to su zaista tako prihvatili Bosnu i Hercegovinu Jevreji od samog po\u010detka. Ja sam jedan kra\u0107i period \u017eivota, kako je ovaj rat bio \u017eivio u Izraelu\u00a0\u00a0 i vratio sam se ovdje u \u017eelji da\u00a0 i napravim neke dobre ekonomske odnose\u00a0 izme\u0111u Bosne i Hercegovine i Izraela, ali kasnije sam shvatio da to nije moja glavna zada\u0107a i vratio sam se onom za \u0161to sam se \u0161kolovao i \u010demu sam najvi\u0161e te\u017eio to je historija. Tako sam po\u010deo da pro\u010du\u010davam historiju Jevreja, prou\u010davao sam i odnose Jevreja u odnosu s drugim narodima.<\/li><\/ul>\n\n\n\n<ul class=\"wp-block-list\"><li>Zato su najvi\u0161e bili zahvalni koji su spa\u0161avali Jevreje u II Svjetskom ratu\u00a0 i \u010dije su me pri\u010de ustvari pokrenule da dublje istra\u017eim i\u00a0 iz toga je proizapla moja knjiga \u201eDa su kom\u0161ije bili ljudi\u201c. I eto, na tom fonu kom\u0161iluka Bosanskog posebnog kojeg nema ni u jednoj drugoj dr\u017eavi ja gradim \u010ditav svoj \u017eivot. Mi smo dokazali kroz \u010ditav niz godina i generacija kako je lijepo \u017eivjeti zajedno. Izgradili smo taj na\u0161 identitet zajedni\u010dkog \u017eivota\u00a0 i ono \u0161to bi ja poru\u010dio mladima prije svega da nastoje da sa\u010duvaju taj identitet, tu znamenku zajedni\u010dkog \u017eivljenja koja \u010ditav niz generacija do sada sa\u010duvao i da ne dozvole da im to neko pokvari.<\/li><\/ul>\n\n\n\n<figure class=\"wp-block-embed-youtube wp-block-embed is-type-video is-provider-youtube wp-embed-aspect-16-9 wp-has-aspect-ratio\"><div class=\"wp-block-embed__wrapper\">\n<iframe loading=\"lazy\" title=\"DR. TAUBER: MLADIMA PORU\u010cUJEM DA SA\u010cUVAJU IDENTITET ZAJEDNI\u010cKOG \u017dIVOTA\" width=\"696\" height=\"392\" src=\"https:\/\/www.youtube.com\/embed\/wV-yU8ucigA?feature=oembed&#038;enablejsapi=1\" frameborder=\"0\" allow=\"accelerometer; autoplay; clipboard-write; encrypted-media; gyroscope; picture-in-picture\" allowfullscreen><\/iframe>\n<\/div><\/figure>\n\n\n\n<p>Hayat.ba<\/p>\n","protected":false},"excerpt":{"rendered":"<p>Za Hayat TV govorili su poglavari vjerskih zajednica povodom Dana Dr\u017eavnosti BiH. Reisul-ulema Islamske zajednice u Bosni i Hercegovini, Husein ef. Kavazovi\u0107 za Hayat televiziju govorio je o na\u0161oj jedinoj domovini Bosni i Hercegovini, na njen ro\u0111endan. Evo \u0161ta je kazao: Za domovinu se \u017eivi, za nju se \u017ertvuje. O njoj se pjeva, o njoj [&hellip;]<\/p>\n","protected":false},"author":59,"featured_media":19661,"comment_status":"closed","ping_status":"closed","sticky":false,"template":"","format":"standard","meta":{"inline_featured_image":false,"footnotes":""},"categories":[69],"tags":[],"class_list":{"0":"post-19660","1":"post","2":"type-post","3":"status-publish","4":"format-standard","5":"has-post-thumbnail","7":"category-ponos-bih"},"acf":[],"_links":{"self":[{"href":"https:\/\/tvsensor.com\/api\/wp\/v2\/posts\/19660","targetHints":{"allow":["GET"]}}],"collection":[{"href":"https:\/\/tvsensor.com\/api\/wp\/v2\/posts"}],"about":[{"href":"https:\/\/tvsensor.com\/api\/wp\/v2\/types\/post"}],"author":[{"embeddable":true,"href":"https:\/\/tvsensor.com\/api\/wp\/v2\/users\/59"}],"replies":[{"embeddable":true,"href":"https:\/\/tvsensor.com\/api\/wp\/v2\/comments?post=19660"}],"version-history":[{"count":1,"href":"https:\/\/tvsensor.com\/api\/wp\/v2\/posts\/19660\/revisions"}],"predecessor-version":[{"id":19662,"href":"https:\/\/tvsensor.com\/api\/wp\/v2\/posts\/19660\/revisions\/19662"}],"wp:featuredmedia":[{"embeddable":true,"href":"https:\/\/tvsensor.com\/api\/wp\/v2\/media\/19661"}],"wp:attachment":[{"href":"https:\/\/tvsensor.com\/api\/wp\/v2\/media?parent=19660"}],"wp:term":[{"taxonomy":"category","embeddable":true,"href":"https:\/\/tvsensor.com\/api\/wp\/v2\/categories?post=19660"},{"taxonomy":"post_tag","embeddable":true,"href":"https:\/\/tvsensor.com\/api\/wp\/v2\/tags?post=19660"}],"curies":[{"name":"wp","href":"https:\/\/api.w.org\/{rel}","templated":true}]}}