{"id":19655,"date":"2020-11-25T14:57:37","date_gmt":"2020-11-25T13:57:37","guid":{"rendered":"https:\/\/senzor.ba\/?p=19655"},"modified":"2024-01-15T21:42:10","modified_gmt":"2024-01-15T20:42:10","slug":"u-povodu-dana-drzavnosti-bih-u-muzeju-bitka-za-ranjenike-na-neretvi-izlozba-o-dzemalu-bijedicu","status":"publish","type":"post","link":"https:\/\/tvsensor.com\/clanak\/u-povodu-dana-drzavnosti-bih-u-muzeju-bitka-za-ranjenike-na-neretvi-izlozba-o-dzemalu-bijedicu\/","title":{"rendered":"U povodu Dana dr\u017eavnosti BiH u Muzeju \u201eBitka za ranjenike na Neretvi\u201c izlo\u017eba o D\u017eemalu Bijedi\u0107u"},"content":{"rendered":"\n<p>Muzej \u201eBitka za ranjenike na Neretvi\u201c u Jablanici u povodu Dana dr\u017eavnosti Bosne i Hercegovine realizuje izlo\u017ebu o D\u017eemalu Bijedi\u0107u, jednoj od najzna\u010dajnijih politi\u010dkih li\u010dnosti u historiji BiH, nekada\u0161njem predsjedniku Saveznog izvr\u0161nog vije\u0107a (SIV) Jugoslavije.<\/p>\n\n\n\n<p>\u201eU sklopu obilje\u017eavanja 25. novembra Dana dr\u017eavnosti Bosne i Hercegovine, mi smo se odlu\u010dili da otvorimo izlo\u017ebu o D\u017eemalu Bijedi\u0107u. Radi se o izlo\u017ebi Muzeja Hercegovine Mostar koja je ra\u0111ena po knjizi dr. Husnije Kamberovi\u0107a. Razlog zbog \u010dega smo se odlu\u010dili za ovu izlo\u017ebu kao vid obilje\u017eavanja Dana dr\u017eavnosti je taj \u0161to je D\u017eemal Bijedi\u0107 bio jedna od najzna\u010dajnijih politi\u010dkih li\u010dnosti u historiji na\u0161e zemlje. Svojim politi\u010dkim radom dao je nemjerljiv doprinos u afirmaciji Bosne i Hercegovine i u politi\u010dkom, nau\u010dnom i kulturnom smislu, a naro\u010dito je doprinio ekonomskom ja\u010danju zemlje. Mislim da se upravo u vrijeme Dana dr\u017eavnosti treba govoriti o takvim ljudima\u201c, kazala Azra \u0110elmo, direktorica JU Muzej &#8220;Bitka za ranjenike na Neretvi&#8221; Jablanica, u razgovoru za Anadolu Agency (AA).<\/p>\n\n\n\n<p>Bijedi\u0107 je u avionskoj tragediji 18. januara 1977. poginuo zajedno sa suprugom Razom i saradnicima. Bio je to jedan od najtu\u017enijih dana u historiji biv\u0161e SFRJ, a posebno tu\u017eno bilo je u njegovom Mostaru.<\/p>\n\n\n\n<p><br>&#8211; Obnova mosta na Neretvi &#8211;<\/p>\n\n\n\n<p>Ova godina za muzej je obilje\u017eena velikim infrastrukturnim projektom obnove mosta sru\u0161enog u Drugom svjetskom ratu kojeg finansira Op\u0161tina Jablanica.<\/p>\n\n\n\n<p>\u201eProjekat rekonstrukcije poru\u0161enog mosta realizuje Op\u0161tina Jablanica, a vrijednost radova iznosi milion konvertibilnih maraka. Radi se o zahtjevnom projektu jer izvo\u0111enje radova podrazumijeva sanaciju ostatka poru\u0161enog mosta koji koso le\u017ei na lijevoj obali Neretve te izradu i montiranje nove horizontalne re\u0161etke kao glavnog eksponata. Za Muzej je to izuzetno va\u017ean projekat. Most je, naravno uz muzej, centralni sadr\u017eaj kompleksa, a sam kompleks je va\u017ean dio jugoslavenskog spomeni\u010dkog naslije\u0111a. Obnova mosta je i va\u017ena zbog onoga \u0161to most predstavlja, a to je da je most najva\u017eniji svjedok doga\u0111aja iz 1943., jer se upravo na ovome mjestu desio sudbonosni prelaz, a samim tim i spas partizana i centralne bolnice koja je tada brojala blizu 4000 ranjenih i povrije\u0111enih\u201c, pojasnila je direktorica \u0110elmo.<\/p>\n\n\n\n<p>Sve kulturne institucije, a posebno muzeji usljed pandemije COVID-19 susre\u0107u se sa izazovima opstanka, zbog manjka posjetilaca i prihoda.<\/p>\n\n\n\n<p>\u201ePandemija koronavirusa je, kao i u drugim muzejima, dovela do drasti\u010dnog pada broja posjetilaca \u0161to je kao glavnu posljedicu imalo smanjenje vlastitih prihoda muzeja. U 2019. godini muzej je zabilje\u017eio 18.783 prodate ulaznice, dok u 2020. godini taj broj iznosi svega 4.190. Neke projekte, poput planirane manifestacije Dani muzeja morali smo prolongirati, ali veliki i zna\u010dajni projekat koji realizuje Op\u0107ina Jablanica \u2013 Rekonstrukcija poru\u0161enog mosta na Neretvi i projekat prekograni\u010dne saradnje &#8216;Zanimljivi muzeji&#8217; su nastavili da se realizuju. Iskreno se nadamo da \u0107e se pandemija uskoro zavr\u0161iti i da \u0107emo svi, \u0161to prije, sanirati njene posljedice\u201c, dodala je \u0110elmo.<\/p>\n\n\n\n<p><br>&#8211; Prekograni\u010dna saradnja &#8211;<\/p>\n\n\n\n<p>Muzej je dio regionalne mre\u017ee muzeja i turisti\u010dkih destinacija vezanih za Drugi svjetski rat na osnovu kojih se organizuju me\u0111unarodne turisti\u010dke ture kojima se pored regionalnih privla\u010de turisti iz Evrope i drugih kontinenata.<\/p>\n\n\n\n<p>\u201eSaradnja i povezivanje muzeja u regiji, posebno muzeja koji imaju sli\u010dnu tematsku strukturu je nu\u017ena za afirmaciju muzeja u nekim \u0161irim okvirima. Jako je puno oblasti u kojima muzeji sara\u0111uju, razmjena izlo\u017ebi, zajedni\u010dki projekti, radionice, stru\u010dni skupovi i sli\u010dno. Mislim da se po pitanju zajedni\u010dke promocije mo\u017ee puno uraditi. Me\u0111unarodni projekti koji za jedan od ciljeva imaju stvaranje jedinstvenih turisti\u010dkih ruta su se pokazali kao dobar primjer privla\u010denja posjetilaca\u201c, smatra \u0110elmo.<\/p>\n\n\n\n<p>Muzej je uklju\u010den u projekat prekograni\u010dne saradnje sa Zavi\u010dajnim muzejom iz Nik\u0161i\u0107a kojeg finansira EU i Op\u0107ina Jablanica.<\/p>\n\n\n\n<p>\u201ePrimarni cilj koji nastojimo posti\u0107i kroz realizaciju projekta &#8216;Zanimljivi muzeji&#8217; jeste modernizacija muzeolo\u0161ke prezentacije putem uvo\u0111enja modernih tehnologija u na\u0161em muzeju. Trenutno se pod vodstvom dr. Selme Rizvi\u0107 radi na osposobljavanju prostora za virtuelnu realnost u kojem \u0107e na posebnim ure\u0111ajima \u2013 VR headsetovima biti dostupan virtuelni sadr\u017eaj. Posjetilac muzeja \u0107e se putem tog sadr\u017eaja na\u0107i u sredi\u0161tu Bitke na Neretvi sa zadatkom da sru\u0161i most, obori neprijateljske avione i prenese ranjenike. Pored izrade aplikacije za virtuelni sadr\u017eaj, aktivnostima projekta je planirano opremanje stalne postavke Bitka na Neretvi s audio vodi\u010dima, tabletima, LCD televizorima, dok \u0107e se \u010ditav izlo\u017ebeni prostor muzeja &#8216;o\u017eivjeti&#8217; putem izrade novih izlo\u017ebi, nabavke ozvu\u010denja i opremanja suvenirnice. Va\u017eno je i to \u0161to je projekat predvidio razli\u010dite promotivne aktivnosti koje \u0107e sigurno doprinjeti pove\u0107anju posjetilaca\u201c, kazala je \u0110elmo.<\/p>\n\n\n\n<p>Jablanica je zahvaljuju\u0107i ovom muzeju nezaobilazna destinacija za turiste koji posje\u0107uju Hercegovinu, a projekti koji su toku \u0107e unaprijediti ponudu muzeja i pove\u0107ati prihode.<\/p>\n\n\n\n<p>\u201eNa\u0161a vizija je da muzej pozicioniramo kao va\u017ean centar kulturno \u2013 historijske ba\u0161tine u regionalnim, ali i u \u0161irim okvirima. Sve navedeno, i ulaganje u modernizaciju i promociju predstavlja va\u017ean preduslov za ostvarenje na\u0161e vizije\u201c, zaklju\u010dila je na kraju razgovora direktorica \u0110elmo.<\/p>\n\n\n\n<p>Izvor: Agencije<\/p>\n","protected":false},"excerpt":{"rendered":"<p>Muzej \u201eBitka za ranjenike na Neretvi\u201c u Jablanici u povodu Dana dr\u017eavnosti Bosne i Hercegovine realizuje izlo\u017ebu o D\u017eemalu Bijedi\u0107u, jednoj od najzna\u010dajnijih politi\u010dkih li\u010dnosti u historiji BiH, nekada\u0161njem predsjedniku Saveznog izvr\u0161nog vije\u0107a (SIV) Jugoslavije. \u201eU sklopu obilje\u017eavanja 25. novembra Dana dr\u017eavnosti Bosne i Hercegovine, mi smo se odlu\u010dili da otvorimo izlo\u017ebu o D\u017eemalu Bijedi\u0107u. [&hellip;]<\/p>\n","protected":false},"author":59,"featured_media":19656,"comment_status":"closed","ping_status":"closed","sticky":false,"template":"","format":"standard","meta":{"inline_featured_image":false,"footnotes":""},"categories":[47,46],"tags":[],"class_list":{"0":"post-19655","1":"post","2":"type-post","3":"status-publish","4":"format-standard","5":"has-post-thumbnail","7":"category-historija","8":"category-kultura"},"acf":[],"_links":{"self":[{"href":"https:\/\/tvsensor.com\/api\/wp\/v2\/posts\/19655","targetHints":{"allow":["GET"]}}],"collection":[{"href":"https:\/\/tvsensor.com\/api\/wp\/v2\/posts"}],"about":[{"href":"https:\/\/tvsensor.com\/api\/wp\/v2\/types\/post"}],"author":[{"embeddable":true,"href":"https:\/\/tvsensor.com\/api\/wp\/v2\/users\/59"}],"replies":[{"embeddable":true,"href":"https:\/\/tvsensor.com\/api\/wp\/v2\/comments?post=19655"}],"version-history":[{"count":2,"href":"https:\/\/tvsensor.com\/api\/wp\/v2\/posts\/19655\/revisions"}],"predecessor-version":[{"id":19658,"href":"https:\/\/tvsensor.com\/api\/wp\/v2\/posts\/19655\/revisions\/19658"}],"wp:featuredmedia":[{"embeddable":true,"href":"https:\/\/tvsensor.com\/api\/wp\/v2\/media\/19656"}],"wp:attachment":[{"href":"https:\/\/tvsensor.com\/api\/wp\/v2\/media?parent=19655"}],"wp:term":[{"taxonomy":"category","embeddable":true,"href":"https:\/\/tvsensor.com\/api\/wp\/v2\/categories?post=19655"},{"taxonomy":"post_tag","embeddable":true,"href":"https:\/\/tvsensor.com\/api\/wp\/v2\/tags?post=19655"}],"curies":[{"name":"wp","href":"https:\/\/api.w.org\/{rel}","templated":true}]}}