{"id":19652,"date":"2020-11-25T14:53:07","date_gmt":"2020-11-25T13:53:07","guid":{"rendered":"https:\/\/senzor.ba\/?p=19652"},"modified":"2024-01-15T21:42:10","modified_gmt":"2024-01-15T20:42:10","slug":"dan-drzavnosti-bih-obiljezen-u-memorijalnom-centru-srebrenica-potocari","status":"publish","type":"post","link":"https:\/\/tvsensor.com\/clanak\/dan-drzavnosti-bih-obiljezen-u-memorijalnom-centru-srebrenica-potocari\/","title":{"rendered":"Dan dr\u017eavnosti BiH obilje\u017een u Memorijalnom centru Srebrenica-Poto\u010dari"},"content":{"rendered":"\n<p>Polaganjem cvije\u0107a i u\u010denjem Fatihe u mezarju Memorijalnog centra Srebrenica \u2013 Poto\u010dari danas je obilje\u017een Dan dr\u017eavnosti Bosne i Hercegovine, javlja Anadolu Agency (AA).<\/p>\n\n\n\n<p>Vijence na kamen temeljac u mezarju, kao i prethodnih godina, polo\u017eili su \u010dlanovi udru\u017eenja koja okupljaju pre\u017eivjele \u017ertve genocida, predstavnici op\u0161tine Srebrenica, Memorijalnog centra Srebrenica &#8211; Poto\u010dari, potpredsjednik eniteta RS Ramiz Salki\u0107, predstavnici samostalnog sindikata PPDIVUT BiH, djeca iz MFS EMMAUS, kao i gra\u0111ani.<\/p>\n\n\n\n<p>Hamdija Fejzi\u0107, zamjenik na\u010delnika op\u0161tine Srebrenica, \u010destitao je gra\u0111anima Bosne i Hercegovine Dan dr\u017eavnosti.<\/p>\n\n\n\n<p>\u201cKoristim priliku da svim gra\u0111anima Bosne i Hercegovine \u010destitam dan dr\u017eavnosti kako u zemlji tako i dijaspori. Domovina je na\u0161a obaveza koju moramo \u010duvati\u201c, rekao je Fejzi\u0107.<\/p>\n\n\n\n<p>U svom obra\u0107anju prisutnima, potpredsjednik entiteta RS Salki\u0107 je naglasio da je dana\u0161nji datum jedan od najzna\u010dajnijih u hiljadugodi\u0161njoj historiji Bosne i Hercegovine, te je podsjetio da ono \u0161to danas imaju gra\u0111ani Bosne i Hercegovine nemaju mnogi narodi u svijetu, to su mir, sloboda, nezavisna i suverena domovina.<\/p>\n\n\n\n<p>\u201cPo\u0161tujemo dr\u017eavu Bosnu i Hercegovinu i va\u017ee\u0107e zakone. Oni koji to ne po\u0161tuju \u0161alju sliku da nisu za vladavinu zakona i po\u0161tovanja prava u zemlji. O\u010dekujemo da kona\u010dno oni koji ne po\u0161tuju budu zakonski sankcionisani. Obilje\u017eavamo Dan dr\u017eavnsoti na Drini i time pokazujemo da se ovaj va\u017ean datum obilje\u017eava na cijeloj teritoriji, i time pokazujemo da volimo ovu zemlju, da po\u0161tujemo njenu tradiciju, kulturu, historiju, i po\u0161tuju vrijednosti koje su definisane na prvom zasjedanju ZAVNOBIH-a\u201c, poru\u010dio je Salki\u0107.<\/p>\n\n\n\n<p>\u0160evket Hafizovi\u0107, predsjednik Upravnog odbora Memorijalnog centra, istakao je da zbog situacije u dr\u017eavi moramo nagla\u0161avati zna\u010daj Dana dr\u017eavnosti i kao i zna\u010daj ZAVNOBIH-a.<\/p>\n\n\n\n<p>\u201cVi\u0161e nego ikad va\u017eno je obilje\u017eavati Dan dr\u017eavnosti. Na\u017ealost, oni koji su nam na \u010delu dr\u017eave prihvataju simbole drugih dr\u017eava kao svoje. Zbog toga nikada se ne mislimo umoriti od obilje\u017eavanja Dana dr\u017eavnosti\u201c, rekao je Hafizovi\u0107.<\/p>\n\n\n\n<p>Zbog pandemije koronavirusa ove godine u Srebrenici nije bilo prigodnog programa koji su do sada svake godine organizovala djeca iz Srebrenice. UG \u201cDjeca Srebrenice \u2013 nove generacije\u201d je nagradilo najbolje u\u010denike za radove na literarnom i likovnom konkursu na temu Dan dr\u017eavnosti Bosne i Hercegovine.<\/p>\n\n\n\n<p>\u201cObzirom da je na na\u0161u adresu ove godine pristiglo vi\u0161e od osamdeset izvrsnih literarnih i likovnih radova. Taj podatak nam govori da nacionalne svijesti ne manjka kod na\u0161e djece i da \u0107e na\u0161e udru\u017eenje nastaviti da djeluje u tom pravcu. Nagrade su obezbijedili pojedinci iz raznih krajeva Bosne i Hercegovine i Udru\u017eenje DOBRO.BA iz Sarajeva kojim se ovim putem zahvaljujem na podr\u0161ci\u201c, rekao je predsjednik udru\u017eenja Bernis Ademovi\u0107.<\/p>\n\n\n\n<p>Izvor: Agencije<\/p>\n","protected":false},"excerpt":{"rendered":"<p>Polaganjem cvije\u0107a i u\u010denjem Fatihe u mezarju Memorijalnog centra Srebrenica \u2013 Poto\u010dari danas je obilje\u017een Dan dr\u017eavnosti Bosne i Hercegovine, javlja Anadolu Agency (AA). Vijence na kamen temeljac u mezarju, kao i prethodnih godina, polo\u017eili su \u010dlanovi udru\u017eenja koja okupljaju pre\u017eivjele \u017ertve genocida, predstavnici op\u0161tine Srebrenica, Memorijalnog centra Srebrenica &#8211; Poto\u010dari, potpredsjednik eniteta RS Ramiz [&hellip;]<\/p>\n","protected":false},"author":59,"featured_media":19653,"comment_status":"closed","ping_status":"closed","sticky":false,"template":"","format":"standard","meta":{"inline_featured_image":false,"footnotes":""},"categories":[38],"tags":[],"class_list":{"0":"post-19652","1":"post","2":"type-post","3":"status-publish","4":"format-standard","5":"has-post-thumbnail","7":"category-vijesti-iz-bih"},"acf":[],"_links":{"self":[{"href":"https:\/\/tvsensor.com\/api\/wp\/v2\/posts\/19652","targetHints":{"allow":["GET"]}}],"collection":[{"href":"https:\/\/tvsensor.com\/api\/wp\/v2\/posts"}],"about":[{"href":"https:\/\/tvsensor.com\/api\/wp\/v2\/types\/post"}],"author":[{"embeddable":true,"href":"https:\/\/tvsensor.com\/api\/wp\/v2\/users\/59"}],"replies":[{"embeddable":true,"href":"https:\/\/tvsensor.com\/api\/wp\/v2\/comments?post=19652"}],"version-history":[{"count":2,"href":"https:\/\/tvsensor.com\/api\/wp\/v2\/posts\/19652\/revisions"}],"predecessor-version":[{"id":19659,"href":"https:\/\/tvsensor.com\/api\/wp\/v2\/posts\/19652\/revisions\/19659"}],"wp:featuredmedia":[{"embeddable":true,"href":"https:\/\/tvsensor.com\/api\/wp\/v2\/media\/19653"}],"wp:attachment":[{"href":"https:\/\/tvsensor.com\/api\/wp\/v2\/media?parent=19652"}],"wp:term":[{"taxonomy":"category","embeddable":true,"href":"https:\/\/tvsensor.com\/api\/wp\/v2\/categories?post=19652"},{"taxonomy":"post_tag","embeddable":true,"href":"https:\/\/tvsensor.com\/api\/wp\/v2\/tags?post=19652"}],"curies":[{"name":"wp","href":"https:\/\/api.w.org\/{rel}","templated":true}]}}