{"id":19648,"date":"2020-11-25T14:49:35","date_gmt":"2020-11-25T13:49:35","guid":{"rendered":"https:\/\/senzor.ba\/?p=19648"},"modified":"2024-01-15T21:42:10","modified_gmt":"2024-01-15T20:42:10","slug":"politicari-iz-rs-a-ne-prestaju-kritikovati-dodika-njegov-neracionalni-egzibicionizam-i-neuspjeli-pokusaji-politicke-samopromocije","status":"publish","type":"post","link":"https:\/\/tvsensor.com\/clanak\/politicari-iz-rs-a-ne-prestaju-kritikovati-dodika-njegov-neracionalni-egzibicionizam-i-neuspjeli-pokusaji-politicke-samopromocije\/","title":{"rendered":"Politi\u010dari iz RS-a ne prestaju kritikovati Dodika: &#8220;Njegov neracionalni egzibicionizam i neuspjeli poku\u0161aji politi\u010dke samopromocije&#8230;&#8221;"},"content":{"rendered":"\n<p>\u201cMislim da Milorad Dodik smi\u0161ljeno i perfidno poku\u0161ava izazvati reakciju OHR-a i visokog predstavnika kako bi, onda, pred javno\u0161\u0107u Republike Srpske za krah svoje politike na svim poljima optu\u017eio me\u0111unarodni intervencionizam.<\/p>\n\n\n\n<p>On se godinama u javnosti zala\u017ee za ukidanje OHR-a i omalova\u017eava visokog predstavnika, a ustvari poku\u0161ava isprovocirati Valentina Incka da povu\u010de potez kao \u0161to je ovaj, nametanje zakona, i time njega i SNSD pred javno\u0161\u0107u amnestira od katastrofalne politike la\u017enog srbovanja koju vodi\u201d, tvrdi Vukota Govedarica te dodaje:<\/p>\n\n\n\n<p>\u201cMiloradu Dodiku je na prvom mjestu njegov li\u010dni interes i politi\u010dki benefiti i pozicije za SNSD oligarhiju, potpuno mu je neva\u017ena opasnost kojoj time izla\u017ee Republiku Srpsku i cio narod. Ako visoki predstavnik zaista nametne spomenuti zakon, isklju\u010divi krivac za to \u0107e biti Dodik, njegovo nekontrolisano i iritantno, pa rekao bih \u010dak i primitivno pona\u0161anje u javnosti i medijima.<\/p>\n\n\n\n<p>On sve to svjesno radi, prvo glumi nedodirljvost koja \u0107e neminovno dovesti do rekacije, a onda \u0107e poku\u0161ati cijelu situaciju u javosti da predstavi kao li\u010dno \u017ertvovanje za Republiku Srpsku, a sebe kao narodnog heroja\u201d, ka\u017ee Govedarica i navodi da smo sve to ve\u0107 vidjeli vi\u0161e puta na na\u0161oj politi\u010dkoj sceni.<\/p>\n\n\n\n<p>Da podsjetimo, Milorad Dodik je u ju\u010dera\u0161njem zavr\u0161nom obra\u0107anju videolinkom na konferenciji Vije\u0107a sigurnosti UN-a u svojstvu predsjedavaju\u0107eg Predsjedni\u0161tva BiH verbalno napao i izvrije\u0111ao visokog predstavnika Valentina Inzka, nazvav\u0161i ga monstrumom i strancem koji radi protiv Srba i Hrvata i sara\u0111uje s Bo\u0161njacima i govori u njihovo ime.<\/p>\n\n\n\n<p>Dodik je zaprijetio: \u201eAko Inzko nastavi provoditi odluke, razmotri\u0107u po\u010detak integracije RS-a sa mati\u010dnom zemljom Srbijom.&#8221;<\/p>\n\n\n\n<p>(Istok)&nbsp;<\/p>\n","protected":false},"excerpt":{"rendered":"<p>\u201cMislim da Milorad Dodik smi\u0161ljeno i perfidno poku\u0161ava izazvati reakciju OHR-a i visokog predstavnika kako bi, onda, pred javno\u0161\u0107u Republike Srpske za krah svoje politike na svim poljima optu\u017eio me\u0111unarodni intervencionizam. On se godinama u javnosti zala\u017ee za ukidanje OHR-a i omalova\u017eava visokog predstavnika, a ustvari poku\u0161ava isprovocirati Valentina Incka da povu\u010de potez kao \u0161to [&hellip;]<\/p>\n","protected":false},"author":59,"featured_media":19649,"comment_status":"closed","ping_status":"closed","sticky":false,"template":"","format":"standard","meta":{"inline_featured_image":false,"footnotes":""},"categories":[38],"tags":[],"class_list":{"0":"post-19648","1":"post","2":"type-post","3":"status-publish","4":"format-standard","5":"has-post-thumbnail","7":"category-vijesti-iz-bih"},"acf":[],"_links":{"self":[{"href":"https:\/\/tvsensor.com\/api\/wp\/v2\/posts\/19648","targetHints":{"allow":["GET"]}}],"collection":[{"href":"https:\/\/tvsensor.com\/api\/wp\/v2\/posts"}],"about":[{"href":"https:\/\/tvsensor.com\/api\/wp\/v2\/types\/post"}],"author":[{"embeddable":true,"href":"https:\/\/tvsensor.com\/api\/wp\/v2\/users\/59"}],"replies":[{"embeddable":true,"href":"https:\/\/tvsensor.com\/api\/wp\/v2\/comments?post=19648"}],"version-history":[{"count":2,"href":"https:\/\/tvsensor.com\/api\/wp\/v2\/posts\/19648\/revisions"}],"predecessor-version":[{"id":19651,"href":"https:\/\/tvsensor.com\/api\/wp\/v2\/posts\/19648\/revisions\/19651"}],"wp:featuredmedia":[{"embeddable":true,"href":"https:\/\/tvsensor.com\/api\/wp\/v2\/media\/19649"}],"wp:attachment":[{"href":"https:\/\/tvsensor.com\/api\/wp\/v2\/media?parent=19648"}],"wp:term":[{"taxonomy":"category","embeddable":true,"href":"https:\/\/tvsensor.com\/api\/wp\/v2\/categories?post=19648"},{"taxonomy":"post_tag","embeddable":true,"href":"https:\/\/tvsensor.com\/api\/wp\/v2\/tags?post=19648"}],"curies":[{"name":"wp","href":"https:\/\/api.w.org\/{rel}","templated":true}]}}