{"id":19645,"date":"2020-11-25T14:47:08","date_gmt":"2020-11-25T13:47:08","guid":{"rendered":"https:\/\/senzor.ba\/?p=19645"},"modified":"2024-01-15T21:42:10","modified_gmt":"2024-01-15T20:42:10","slug":"svetlana-cenic-reagovala-na-sramne-izjave-stanivukovica-u-razgovoru-o-toliko-zrtvi-upotrebis-cica-mica-gotova-prica-i-mislis-da-si-faca","status":"publish","type":"post","link":"https:\/\/tvsensor.com\/clanak\/svetlana-cenic-reagovala-na-sramne-izjave-stanivukovica-u-razgovoru-o-toliko-zrtvi-upotrebis-cica-mica-gotova-prica-i-mislis-da-si-faca\/","title":{"rendered":"Svetlana Ceni\u0107 reagovala na sramne izjave Stanivukovi\u0107a: &#8220;U razgovoru o toliko \u017ertvi upotrebi\u0161 &#8216;\u010ci\u010da-mi\u010da gotova pri\u010da&#8217; i MISLI\u0160 DA SI FACA\u2026\u201d"},"content":{"rendered":"\n<p>Profesorica Svetlana Ceni\u0107 aktivna je na dru\u0161tvenim mre\u017eama. Ona je svojim tvitom kritikovala novog gradona\u010delnika Banje Luke&nbsp;<strong>Dra\u0161ka Stanivukovi\u0107a nakon<\/strong>&nbsp;\u0161to je gostovao u &#8220;Pressingu&#8221; N1 televizije, gdje je govorio o stanju u ovom gradu, o Miloradu Dodiku, a komentirao je i presude Ha\u0161kog suda i za\u0161to smatra da u Srebrenici nije po\u010dinjen genocid.<\/p>\n\n\n\n<p>Na pitanje priznaje li presude Ha\u0161kog suda u slu\u010daju Radovana Karad\u017ei\u0107a i Ratka Mladi\u0107a, poru\u010dio je da ne priznaje &#8220;ni\u0161ta od tog suda&#8221;.<\/p>\n\n\n\n<p>&#8211; Taj sud je nanio veliku politi\u010dku \u0161tetu mom narodu i to je za mene \u010di\u010da-mi\u010da, zavr\u0161ena pri\u010da &#8211; kazao je Stanivukovi\u0107 za N1.<\/p>\n\n\n\n<figure class=\"wp-block-embed-wordpress wp-block-embed is-type-wp-embed is-provider-senzor\"><div class=\"wp-block-embed__wrapper\">\n<blockquote class=\"wp-embedded-content\" data-secret=\"2tpcVtbR7D\"><a href=\"https:\/\/tvsensor.com\/sramotni-stanivukovic-negirao-genocid-u-srebrenici-i-presude-karadzicu-i-mladicu\/\">Sramotni Stanivukovi\u0107 negirao genocid u Srebrenici i presude Karad\u017ei\u0107u i Mladi\u0107u<\/a><\/blockquote><iframe loading=\"lazy\" class=\"wp-embedded-content\" sandbox=\"allow-scripts\" security=\"restricted\" style=\"position: absolute; clip: rect(1px, 1px, 1px, 1px);\" title=\"&#8220;Sramotni Stanivukovi\u0107 negirao genocid u Srebrenici i presude Karad\u017ei\u0107u i Mladi\u0107u&#8221; &#8212; TVSensor\" src=\"https:\/\/tvsensor.com\/sramotni-stanivukovic-negirao-genocid-u-srebrenici-i-presude-karadzicu-i-mladicu\/embed\/#?secret=dNq70VLPFU#?secret=2tpcVtbR7D\" data-secret=\"2tpcVtbR7D\" width=\"600\" height=\"338\" frameborder=\"0\" marginwidth=\"0\" marginheight=\"0\" scrolling=\"no\"><\/iframe>\n<\/div><\/figure>\n\n\n\n<p>Ceni\u0107ka je ovo sve prokomentarisala: \u201cU razgovoru o toliko \u017ertvi upotrebi\u0161 &#8220;\u010ci\u010da-mi\u010da gotova pri\u010da&#8221; i misli\u0161 da si faca?! Bez obzira verovao ili ne verovao da je bio genocid, prestra\u0161an je taj poku\u0161aj duhovitosti.\u201d<\/p>\n\n\n\n<figure class=\"wp-block-embed-twitter wp-block-embed is-type-rich is-provider-twitter\"><div class=\"wp-block-embed__wrapper\">\n<blockquote class=\"twitter-tweet\" data-width=\"550\" data-dnt=\"true\"><p lang=\"und\" dir=\"ltr\">U razgovoru o toliko \u017ertvi upotrebi\u0161 &quot;\u010ci\u010da-mi\u010da gotova pri\u010da&quot; i misli\u0161 da si faca?!<br>Bez obzira verovao ili ne verovao da je bio genocid, prestra\u0161an je taj poku\u0161aj duhovitosti.<\/p>&mdash; Svetlana (@svetlanacenic) <a href=\"https:\/\/twitter.com\/svetlanacenic\/status\/1331575012583682048?ref_src=twsrc%5Etfw\">November 25, 2020<\/a><\/blockquote><script async src=\"https:\/\/platform.twitter.com\/widgets.js\" charset=\"utf-8\"><\/script>\n<\/div><\/figure>\n\n\n\n<p><\/p>\n","protected":false},"excerpt":{"rendered":"<p>Profesorica Svetlana Ceni\u0107 aktivna je na dru\u0161tvenim mre\u017eama. Ona je svojim tvitom kritikovala novog gradona\u010delnika Banje Luke&nbsp;Dra\u0161ka Stanivukovi\u0107a nakon&nbsp;\u0161to je gostovao u &#8220;Pressingu&#8221; N1 televizije, gdje je govorio o stanju u ovom gradu, o Miloradu Dodiku, a komentirao je i presude Ha\u0161kog suda i za\u0161to smatra da u Srebrenici nije po\u010dinjen genocid. Na pitanje priznaje [&hellip;]<\/p>\n","protected":false},"author":59,"featured_media":19646,"comment_status":"closed","ping_status":"closed","sticky":false,"template":"","format":"standard","meta":{"inline_featured_image":false,"footnotes":""},"categories":[43],"tags":[],"class_list":{"0":"post-19645","1":"post","2":"type-post","3":"status-publish","4":"format-standard","5":"has-post-thumbnail","7":"category-bih"},"acf":[],"_links":{"self":[{"href":"https:\/\/tvsensor.com\/api\/wp\/v2\/posts\/19645","targetHints":{"allow":["GET"]}}],"collection":[{"href":"https:\/\/tvsensor.com\/api\/wp\/v2\/posts"}],"about":[{"href":"https:\/\/tvsensor.com\/api\/wp\/v2\/types\/post"}],"author":[{"embeddable":true,"href":"https:\/\/tvsensor.com\/api\/wp\/v2\/users\/59"}],"replies":[{"embeddable":true,"href":"https:\/\/tvsensor.com\/api\/wp\/v2\/comments?post=19645"}],"version-history":[{"count":1,"href":"https:\/\/tvsensor.com\/api\/wp\/v2\/posts\/19645\/revisions"}],"predecessor-version":[{"id":19647,"href":"https:\/\/tvsensor.com\/api\/wp\/v2\/posts\/19645\/revisions\/19647"}],"wp:featuredmedia":[{"embeddable":true,"href":"https:\/\/tvsensor.com\/api\/wp\/v2\/media\/19646"}],"wp:attachment":[{"href":"https:\/\/tvsensor.com\/api\/wp\/v2\/media?parent=19645"}],"wp:term":[{"taxonomy":"category","embeddable":true,"href":"https:\/\/tvsensor.com\/api\/wp\/v2\/categories?post=19645"},{"taxonomy":"post_tag","embeddable":true,"href":"https:\/\/tvsensor.com\/api\/wp\/v2\/tags?post=19645"}],"curies":[{"name":"wp","href":"https:\/\/api.w.org\/{rel}","templated":true}]}}