{"id":19642,"date":"2020-11-25T14:43:36","date_gmt":"2020-11-25T13:43:36","guid":{"rendered":"https:\/\/senzor.ba\/?p=19642"},"modified":"2024-01-15T21:42:10","modified_gmt":"2024-01-15T20:42:10","slug":"inzko-za-rse-dodik-je-vec-priznao-genocid-u-srebrenici-a-i-ratko-mladic","status":"publish","type":"post","link":"https:\/\/tvsensor.com\/clanak\/inzko-za-rse-dodik-je-vec-priznao-genocid-u-srebrenici-a-i-ratko-mladic\/","title":{"rendered":"Inzko za RSE: Dodik je ve\u0107 priznao genocid u Srebrenici, a i Ratko Mladi\u0107"},"content":{"rendered":"\n<p><strong><em>&#8220;Ne treba Dodik da priznaje genocid. On ga je ve\u0107 priznao. Kod Senada Had\u017eifejzovi\u0107a (urednika na lokalnoj TV stanici) priznao je da je izvr\u0161en genocid, ja sam taj video gledao, tamo je \u010dak dva puta rekao da je u Srebrenici izvr\u0161en genocid&#8221;, rekao je Inzko.<\/em><\/strong><\/p>\n\n\n\n<p>&#8220;S istim Ustavom kakav je danas na snazi u Bosni i Hercegovini je ura\u0111eno mnogo, ali vrijeme je da se on mijenja, ako ni\u0161ta, bar u dijelu u kojem vrije\u0111a i diskrimini\u0161e ljude&#8221;, rekao je visoki predstavnik u Bosni i Hercegovini BiH i specijalni predstavnik Evropske unije (EU) Valentin Inzko u razgovoru za&nbsp;<a href=\"https:\/\/www.slobodnaevropa.org\/a\/vanlentin-incko-za-negatore-genocida-nema-mjesta-u-eu\/30967170.html\" target=\"_blank\" rel=\"noreferrer noopener\">Radio Slobodna Evropa (RSE)<\/a>.<\/p>\n\n\n\n<p>Opstrukcije politi\u010dara iz Republike Srpske (RS) su, smatra on, razlog zbog kojeg jo\u0161 nema ga\u0161enja Ureda visokog predstavnika (OHR).<\/p>\n\n\n\n<p>Inzko najavljuje i kako \u0107e nova ameri\u010dka administracija, predvo\u0111ena izabranim predsjednikom Joeom Bidenom, osnovati tim koji \u0107e raditi na Bosni i Hercegovini, zajedno s Evropom i Njema\u010dkom.<\/p>\n\n\n\n<p><strong>RSE:&nbsp;\u010clanovi Predsjedni\u0161tva BiH usaglasili su se zajedni\u010dkom izjavom o obilje\u017eavanju 25. godi\u0161njice potpisivanja Dejtonskog mirovnog sporazuma. Do sada su se razilazili po tom pitanju, kao i po pitanju Dana dr\u017eavnosti BiH koji se u Republici Srpskoj ne slavi.&nbsp;Koliko se po\u0161tuje Dejtonski sporazum i da li je zaista on ko\u010dnica napretku, kako to navode politi\u010dari u zemlji?<\/strong><\/p>\n\n\n\n<p><strong>Inzko:&nbsp;<\/strong>Neki ka\u017eu da je ko\u010dnica, neki \u010dak ka\u017eu da je to \u2018\u017eeljezna ko\u0161ulja\u2019. Me\u0111utim, pogledajte samo prvih deset, dvanaest godina Dejtonskog mirovnog sporazuma i vidjet \u0107ete da su, sa istim Ustavom, sa Dejtonom koji se nije mijenjao, bili mogu\u0107i zaista ogromni uspjesi.<\/p>\n\n\n\n<p>Kad sam do\u0161ao ovdje kao ambasador, \u201995-\u201996, nije bilo grani\u010dne policije, svako je mogao da se \u0161eta, da u\u0111e u dr\u017eavu, nije bilo zajedni\u010dke zastave, himne, nije bilo solidne valute \u2013 sad imamo jednu od najstabilnijih valuta u Evropi, a sve je to bilo trostruko \u2013 tri vrste registarskih tablica, tri zastave, tri himne. Sve to se uradilo tada sa postoje\u0107im Dejtonom, ali naravno, bila je tu i dobra volja, bila je tu jaka me\u0111unarodna zajednica i mislim da su tih prvih deset godina bile izuzetno uspje\u0161ne godine, sa ovim istim Ustavom.<\/p>\n\n\n\n<p><strong>RSE:&nbsp;Prema mi\u0161ljenju ambasadora SAD Erica Nelsona mo\u017eda je do\u0161lo vrijeme za promjene dejtonskog Ustava BiH. Je li i u kojim dijelovima, ako mislite da jeste?<\/strong><\/p>\n\n\n\n<p><strong>Inzko:&nbsp;<\/strong>Ja mislim da je to normalno. Prije 25 godina bili smo mla\u0111i, nije isto vrijeme kao tada. Uzmite samo \u0160paniju, i tamo je bio gra\u0111anski rat. Kada se \u0160panija pripremala na \u010dlanstvo u Evropskoj uniji, nisu mijenjali postoje\u0107i nego su napisali potpuno novi ustav. To je trajalo devet godina, tako su se pripremali.<\/p>\n\n\n\n<p>U Bosni i Hercegovini je to ne\u0161to te\u017ee. Neki misle da \u0107e onda do\u0107i do centralizacije Bosne i Hercegovine. Mi znamo da je Republika Srpska totalno centralizovana, ali Bosna i Hercegovina nije i nikada ne\u0107e biti centralizovana, ali ona mora biti funkcionalna. Funkcionalna da neke stvari jednostavno funkcioni\u0161u.<\/p>\n\n\n\n<p>Druga stvar, mi imamo sada pet ili \u0161est odluka Evropskog suda za ljudska prava. Vi znate da se ovdje ve\u0107 25 godina vr\u0161i veoma, veoma gruba diskriminacija deset posto stanovni\u0161tva, a to je stanovni\u0161tvo koje se rodilo na pogre\u0161noj strani \u2013 recimo,&nbsp;<strong>svi Srbi iz Sarajeva, Bo\u0161njaci iz Srebrenice, Banjaluke i Hrvati iz Republike Srpske, ne mogu se kandidovati, pa i da su Ajn\u0161tajni, pa i da imaju deset Nobelovih nagrada, oni se ne mogu kandidovati.<\/strong><\/p>\n\n\n\n<p>Da ne pri\u010dam o mje\u0161ovitim brakovima i djeci, da ne pri\u010dam o&nbsp;<strong>Sejdi\u0107 i Finci<\/strong>&nbsp;i svim manjinama, a ima oko 16 manjina, zna\u010di to je 10 posto, a to je 300.000 ljudi koji se ne mogu kandidovati za mnoge funkcije u dr\u017eavi. To je te\u0161ka uvreda i diskriminacija. Zna\u010di, samo po tom osnovu isto treba Ustav da se mijenja.<\/p>\n\n\n\n<p><strong>RSE:&nbsp;Predsjedavaju\u0107i Predsjedni\u0161tva BiH Milorad Dodik izjavio je u jednom od intervjua da Srbi nikada ne\u0107e priznati genocid u Srebrenici. \u0160ta se u tom slu\u010daju, ako se nametne, mo\u017ee da o\u010dekuje, kako \u0107e izgledati primjena u praksi?<\/strong><\/p>\n\n\n\n<p><strong>Inzko:<\/strong>&nbsp;Ne treba Dodik da priznaje genocid. On ga je ve\u0107 priznao. Kod Senada Had\u017eifejzovi\u0107a (urednika na lokalnoj tv stanici) priznao je da je izvr\u0161en genocid, ja sam taj video gledao, tamo je \u010dak dva puta rekao da je u Srebrenici izvr\u0161en genocid.<\/p>\n\n\n\n<p>Samo da podsjetimo \u2013 da se vr\u0161io genocid u Bosni i Hercegovini, o tome je govorio i Ratko Mladi\u0107 li\u010dno. Naime, 12. maja 1992., na sjednici parlamenta Republike Srpske pri\u010dalo se o etni\u010dkom \u010di\u0161\u0107enju.&nbsp;<strong>O etni\u010dkom \u010di\u0161\u0107enju govorili su arhitekti tog \u010di\u0161\u0107enja Kraji\u0161nik i Karad\u017ei\u0107, i tada je Ratko Mladi\u0107 rekao: \u2018Pa, ljudi, kako \u0107emo to napraviti? U nekom selu, ja nemam sito da znam da li su tamo Bo\u0161njaci ili Srbi i koji su koji, ili \u0107u pobiti sve. Kako \u0107u ja to objasniti svijetu, gospodine Kraji\u0161nik? Pa ljudi, to je genocid.\u2019.<\/strong>&nbsp;To je sam Ratko Mladi\u0107 rekao.<\/p>\n\n\n\n<p>Ne treba se brinuti Dodik da li se desio genocid ili ne. To su sve dokazali me\u0111unarodni sudovi, a Me\u0111unarodni sud u Hagu osnovalo je Vije\u0107e bezbjednosti, zna\u010di Rusija, Amerika, Francuska, petnaest \u010dlanica, i 1993. osnovan je sud za ove ratne zlo\u010dine u Bosni i Hercegovini.<\/p>\n\n\n\n<p>To treba po\u0161tovati. Sud ima mnogo dokaza, jo\u0161 nikad nije ni u jednom ratu bilo toliko dokaza, toliko dokumentacije. To treba po\u0161tovati, po\u0161tovati odluku Savjeta bezbjednosti koji je osniva\u010d tog Suda.<\/p>\n\n\n\n<p>Ja mislim da je Srbija bila vrlo blizu toga da prizna genocid, ona je rekla da priznaje sve presude, da je to bio veliki zlo\u010din itd. Po tome bi se morao orijentirati i Milorad Dodik, koji je ve\u0107 2008. godine priznao da se vr\u0161io genocid.&nbsp;<strong>Tada je \u010dak rekao da treba isporu\u010diti Karad\u017ei\u0107a u Hag.<\/strong><\/p>\n\n\n\n<p>Ostatak intervju pro\u010ditajte&nbsp;<a href=\"https:\/\/www.slobodnaevropa.org\/a\/vanlentin-incko-za-negatore-genocida-nema-mjesta-u-eu\/30967170.html\" target=\"_blank\" rel=\"noreferrer noopener\"><strong>OVDJE<\/strong><\/a>.<\/p>\n","protected":false},"excerpt":{"rendered":"<p>&#8220;Ne treba Dodik da priznaje genocid. On ga je ve\u0107 priznao. Kod Senada Had\u017eifejzovi\u0107a (urednika na lokalnoj TV stanici) priznao je da je izvr\u0161en genocid, ja sam taj video gledao, tamo je \u010dak dva puta rekao da je u Srebrenici izvr\u0161en genocid&#8221;, rekao je Inzko. &#8220;S istim Ustavom kakav je danas na snazi u Bosni [&hellip;]<\/p>\n","protected":false},"author":59,"featured_media":19643,"comment_status":"closed","ping_status":"closed","sticky":false,"template":"","format":"standard","meta":{"inline_featured_image":false,"footnotes":""},"categories":[75],"tags":[],"class_list":{"0":"post-19642","1":"post","2":"type-post","3":"status-publish","4":"format-standard","5":"has-post-thumbnail","7":"category-intervju"},"acf":[],"_links":{"self":[{"href":"https:\/\/tvsensor.com\/api\/wp\/v2\/posts\/19642","targetHints":{"allow":["GET"]}}],"collection":[{"href":"https:\/\/tvsensor.com\/api\/wp\/v2\/posts"}],"about":[{"href":"https:\/\/tvsensor.com\/api\/wp\/v2\/types\/post"}],"author":[{"embeddable":true,"href":"https:\/\/tvsensor.com\/api\/wp\/v2\/users\/59"}],"replies":[{"embeddable":true,"href":"https:\/\/tvsensor.com\/api\/wp\/v2\/comments?post=19642"}],"version-history":[{"count":1,"href":"https:\/\/tvsensor.com\/api\/wp\/v2\/posts\/19642\/revisions"}],"predecessor-version":[{"id":19644,"href":"https:\/\/tvsensor.com\/api\/wp\/v2\/posts\/19642\/revisions\/19644"}],"wp:featuredmedia":[{"embeddable":true,"href":"https:\/\/tvsensor.com\/api\/wp\/v2\/media\/19643"}],"wp:attachment":[{"href":"https:\/\/tvsensor.com\/api\/wp\/v2\/media?parent=19642"}],"wp:term":[{"taxonomy":"category","embeddable":true,"href":"https:\/\/tvsensor.com\/api\/wp\/v2\/categories?post=19642"},{"taxonomy":"post_tag","embeddable":true,"href":"https:\/\/tvsensor.com\/api\/wp\/v2\/tags?post=19642"}],"curies":[{"name":"wp","href":"https:\/\/api.w.org\/{rel}","templated":true}]}}