{"id":19637,"date":"2020-11-25T14:35:29","date_gmt":"2020-11-25T13:35:29","guid":{"rendered":"https:\/\/senzor.ba\/?p=19637"},"modified":"2024-01-15T21:42:10","modified_gmt":"2024-01-15T20:42:10","slug":"jovic-dodik-i-covic-ce-napraviti-probleme-srbiji-i-hrvatskoj","status":"publish","type":"post","link":"https:\/\/tvsensor.com\/clanak\/jovic-dodik-i-covic-ce-napraviti-probleme-srbiji-i-hrvatskoj\/","title":{"rendered":"Jovi\u0107: Dodik i \u010covi\u0107 \u0107e napraviti probleme Srbiji i Hrvatskoj"},"content":{"rendered":"\n<p>Profesor na Fakultetu politi\u010dkih nauka u Zagrebu Dejan Jovi\u0107 smatra kao bi Srbija i Hrvatska trebale povesti ra\u010duna o tome \u0161ta rade Dodik i \u010covi\u0107.<\/p>\n\n\n\n<p>On je mi\u0161ljenja kako bi ih politika ove dvojice mogla dovesti u nezgodnu poziciju.<\/p>\n\n\n\n<p>\u201cSrbija bi trebala da povede ra\u010duna da je vrlo vjerovatno da \u0107e je Dodik uvu\u0107i u sukob sa SAD, posebno nakon \u0161to Biden preuzme vlast\u201d, ka\u017ee Jovi\u0107.<\/p>\n\n\n\n<p>Profesor Jovi\u0107 dodaje kako isto va\u017ei i za Hrvatsku.<\/p>\n\n\n\n<p>\u201cDjelomi\u010dno to isto va\u017ei i za Hrvatsku, koja bi se mogla na\u0107i u situaciji da zbog \u010covi\u0107a i njegova Dodika pokvari svoj vanjskopoliti\u010dki status\u201d, zaklju\u010dio je Dejan Jovi\u0107.<br><br><br>(Vijesti.ba)<\/p>\n","protected":false},"excerpt":{"rendered":"<p>Profesor na Fakultetu politi\u010dkih nauka u Zagrebu Dejan Jovi\u0107 smatra kao bi Srbija i Hrvatska trebale povesti ra\u010duna o tome \u0161ta rade Dodik i \u010covi\u0107. On je mi\u0161ljenja kako bi ih politika ove dvojice mogla dovesti u nezgodnu poziciju. \u201cSrbija bi trebala da povede ra\u010duna da je vrlo vjerovatno da \u0107e je Dodik uvu\u0107i u [&hellip;]<\/p>\n","protected":false},"author":59,"featured_media":19638,"comment_status":"closed","ping_status":"closed","sticky":false,"template":"","format":"standard","meta":{"inline_featured_image":false,"footnotes":""},"categories":[40,38],"tags":[],"class_list":{"0":"post-19637","1":"post","2":"type-post","3":"status-publish","4":"format-standard","5":"has-post-thumbnail","7":"category-region","8":"category-vijesti-iz-bih"},"acf":[],"_links":{"self":[{"href":"https:\/\/tvsensor.com\/api\/wp\/v2\/posts\/19637","targetHints":{"allow":["GET"]}}],"collection":[{"href":"https:\/\/tvsensor.com\/api\/wp\/v2\/posts"}],"about":[{"href":"https:\/\/tvsensor.com\/api\/wp\/v2\/types\/post"}],"author":[{"embeddable":true,"href":"https:\/\/tvsensor.com\/api\/wp\/v2\/users\/59"}],"replies":[{"embeddable":true,"href":"https:\/\/tvsensor.com\/api\/wp\/v2\/comments?post=19637"}],"version-history":[{"count":1,"href":"https:\/\/tvsensor.com\/api\/wp\/v2\/posts\/19637\/revisions"}],"predecessor-version":[{"id":19639,"href":"https:\/\/tvsensor.com\/api\/wp\/v2\/posts\/19637\/revisions\/19639"}],"wp:featuredmedia":[{"embeddable":true,"href":"https:\/\/tvsensor.com\/api\/wp\/v2\/media\/19638"}],"wp:attachment":[{"href":"https:\/\/tvsensor.com\/api\/wp\/v2\/media?parent=19637"}],"wp:term":[{"taxonomy":"category","embeddable":true,"href":"https:\/\/tvsensor.com\/api\/wp\/v2\/categories?post=19637"},{"taxonomy":"post_tag","embeddable":true,"href":"https:\/\/tvsensor.com\/api\/wp\/v2\/tags?post=19637"}],"curies":[{"name":"wp","href":"https:\/\/api.w.org\/{rel}","templated":true}]}}