{"id":19634,"date":"2020-11-25T14:33:37","date_gmt":"2020-11-25T13:33:37","guid":{"rendered":"https:\/\/senzor.ba\/?p=19634"},"modified":"2024-01-15T21:42:11","modified_gmt":"2024-01-15T20:42:11","slug":"obiljezen-dan-drzavnosti-bih-i-u-mostaru","status":"publish","type":"post","link":"https:\/\/tvsensor.com\/clanak\/obiljezen-dan-drzavnosti-bih-i-u-mostaru\/","title":{"rendered":"Obilje\u017een Dan dr\u017eavnosti BiH i u Mostaru"},"content":{"rendered":"\n<p>Polaganjem cvije\u0107a i odavanjem po\u010dasti palim borcima u srijedu na Partizanskom spomen obilje\u017eju i na \u0160ehitlucima u Mostaru obilje\u017een je&nbsp; Dan Dr\u017eavnosti BiH.<\/p>\n\n\n\n<p>Tom prigodom predsjedavaju\u0107i Skup\u0161tine Hercegova\u010dko-neretvanske \u017eupanije \u0160erif \u0160pago \u010destitaju\u0107i svim gra\u0111ana BiH Dan dr\u017eavnosti poru\u010dio je kako &#8220;trebamo svoju dr\u017eavu izgra\u0111ivati na principima i na svemu onome \u0161to danas imaju suvremene i moderne europske dr\u017eave, a to je prije svega antifa\u0161izam, odnosno sloboda i jednakost svih gra\u0111ana, a u BiH i svih naroda&#8221;.<br><br>Podsjetio je kako je na dana\u0161nji dan 1943. godine na zajedanju ZAVNOBiH-a potvr\u0111ena dr\u017eavnost BiH i da su stvoreni preduvjeti da BiH kao federalna jedinica kasnije nastavlja svoj razvoj i sve ostalo u biv\u0161oj Jugoslaviji.<br><br>&#8211; Mi kao ljudi koji nastavljamo tradicije antifa\u0161izma smo du\u017eni osigurati da na temeljima na kojima je stvorena BiH, odnosno potvr\u0111ena dr\u017eavnost BiH na zasjedanju ZAVNOBiH-a, nastavimo izgradnju BiH s ciljem pribli\u017eavanja BiH Europskoj uniji \u2013 istaknuo je \u0160pago.<br><br>Po njegovim rije\u010dima, sve ono \u0161to su zaklju\u010dci i odluke ZAVNOBiH-a su proeuropske vrijednosti koje se moraju ba\u0161tiniti.<br><br>&#8211; Na\u017ealost i danas imamo politike i ljude koji su proeuropljani, a ne priznaju ono na \u010demu se zasniva dana\u0161nja Europa, a to je prije svega antifa\u0161izam \u2013ocijenio je \u0160pago.<br><br>Ina\u010de, cvije\u0107e su polo\u017eila brojna izaslanstva me\u0111u kojima i izaslanstvo Skup\u0161tine Hercegova\u010dko-neretvanske \u017eupanije, izaslanstvo Parlamenta Federacije BiH na \u010delu s Edinom Mu\u0161i\u0107em, izaslanstvo Vlade HN\u017d-a na \u010delu s ministrom obrazovanja Ra\u0161idom Had\u017eovi\u0107em i ministrom financija Adnanom Falad\u017ei\u0107em, izlastvanstvo JOB-a Mostar, izaslanstvo Udru\u017eenja antifa\u0161ista i boraca NOR-a Mostar itd.<\/p>\n\n\n\n<p>Izvor: Agencije<\/p>\n","protected":false},"excerpt":{"rendered":"<p>Polaganjem cvije\u0107a i odavanjem po\u010dasti palim borcima u srijedu na Partizanskom spomen obilje\u017eju i na \u0160ehitlucima u Mostaru obilje\u017een je&nbsp; Dan Dr\u017eavnosti BiH. Tom prigodom predsjedavaju\u0107i Skup\u0161tine Hercegova\u010dko-neretvanske \u017eupanije \u0160erif \u0160pago \u010destitaju\u0107i svim gra\u0111ana BiH Dan dr\u017eavnosti poru\u010dio je kako &#8220;trebamo svoju dr\u017eavu izgra\u0111ivati na principima i na svemu onome \u0161to danas imaju suvremene i [&hellip;]<\/p>\n","protected":false},"author":59,"featured_media":19635,"comment_status":"closed","ping_status":"closed","sticky":false,"template":"","format":"standard","meta":{"inline_featured_image":false,"footnotes":""},"categories":[37,38],"tags":[],"class_list":{"0":"post-19634","1":"post","2":"type-post","3":"status-publish","4":"format-standard","5":"has-post-thumbnail","7":"category-vijesti","8":"category-vijesti-iz-bih"},"acf":[],"_links":{"self":[{"href":"https:\/\/tvsensor.com\/api\/wp\/v2\/posts\/19634","targetHints":{"allow":["GET"]}}],"collection":[{"href":"https:\/\/tvsensor.com\/api\/wp\/v2\/posts"}],"about":[{"href":"https:\/\/tvsensor.com\/api\/wp\/v2\/types\/post"}],"author":[{"embeddable":true,"href":"https:\/\/tvsensor.com\/api\/wp\/v2\/users\/59"}],"replies":[{"embeddable":true,"href":"https:\/\/tvsensor.com\/api\/wp\/v2\/comments?post=19634"}],"version-history":[{"count":1,"href":"https:\/\/tvsensor.com\/api\/wp\/v2\/posts\/19634\/revisions"}],"predecessor-version":[{"id":19636,"href":"https:\/\/tvsensor.com\/api\/wp\/v2\/posts\/19634\/revisions\/19636"}],"wp:featuredmedia":[{"embeddable":true,"href":"https:\/\/tvsensor.com\/api\/wp\/v2\/media\/19635"}],"wp:attachment":[{"href":"https:\/\/tvsensor.com\/api\/wp\/v2\/media?parent=19634"}],"wp:term":[{"taxonomy":"category","embeddable":true,"href":"https:\/\/tvsensor.com\/api\/wp\/v2\/categories?post=19634"},{"taxonomy":"post_tag","embeddable":true,"href":"https:\/\/tvsensor.com\/api\/wp\/v2\/tags?post=19634"}],"curies":[{"name":"wp","href":"https:\/\/api.w.org\/{rel}","templated":true}]}}