{"id":19629,"date":"2020-11-25T14:25:58","date_gmt":"2020-11-25T13:25:58","guid":{"rendered":"https:\/\/senzor.ba\/?p=19629"},"modified":"2024-01-15T21:42:11","modified_gmt":"2024-01-15T20:42:11","slug":"dan-drzavnosti-bih-obiljezen-i-u-tuzli","status":"publish","type":"post","link":"https:\/\/tvsensor.com\/clanak\/dan-drzavnosti-bih-obiljezen-i-u-tuzli\/","title":{"rendered":"Dan dr\u017eavnosti BiH obilje\u017een i u Tuzli"},"content":{"rendered":"\n<p>U Tuzli je danas sve\u010dano obilje\u017een 25. novembar, Dan dr\u017eavnosti Bosne i Hercegovine. Delegacije Vlade Tuzlanskog kantona &nbsp;i Grada Tuzle polo\u017eile su cvije\u0107e i odale po\u010dast na spomen obilje\u017ejima na Slanoj Banji u Tuzli. &nbsp;Istaknuto da je 25. novembar &nbsp;historijski datum, ali i podsjetnik da svi gra\u0111ani i gra\u0111anke ove dr\u017eave trebaju i mogu \u017eivjeti u zajedni\u0161tvu. Poseban fokus je stavljen na to koliko je va\u017eno da se tradicija obilje\u017eavanja ovakvih praznika prenese na mla\u0111e generacije.&nbsp;<\/p>\n\n\n\n<p>&#8221;Mladi ljudi ne vole ba\u0161 puno da se pri\u010da o ratu jer iza rata je ve\u0107 25 godina, ali mi stariji uvijek moramo da ih podsje\u0107amo i u vrlo kratkim obra\u0107anjima da im spomenemo de\u0161avanja koja smo mi pro\u0161li. Za\u0161to? Da budu\u0107e mlade generacije ne bi dolazile u ku\u0161nju da ne\u0161to sli\u010dno se de\u0161ava njima, da zajedni\u010dki iz razli\u010ditih naroda koji \u017eive u Bosni i Hercegovini ostvaruju jednu pozitivnu komunikaciju i pozitivnu pri\u010du koja je vodilja ka Evropi i Evropskoj uniji&#8221; , kazao je Denijal Tulumovi\u0107, premijer Tuzlanskog kantona.<\/p>\n\n\n\n<p>Prisutni su podsjetili na zaklju\u010dak tada\u0161njeg zasjedanja ZAVNOBiH-a kojim je Bosna i Hercegovina definisana kao jedinstvena i nedjeljiva dr\u017eava u kojoj \u0107e svi narodi imati ista prava, te dr\u017eava kao takva treba povratiti gra\u0111ansko povjerenje.<\/p>\n\n\n\n<p>&#8221;Smatram da treba vratiti povjerenje gra\u0111ana u dr\u017eavu Bosnu i Hercegovinu, da svi znamo da nam je to jedina na\u0161a domovina, zato jo\u0161 jednom gra\u0111anima BiH sretan praznik dr\u017eavnosti &#8221;, izjavio je Selim Be\u0161lagi\u0107, ratni gradona\u010delnik Tuzle.<\/p>\n\n\n\n<p>U ime porodica \u0161ehida i poginulih boraca Grada Tuzle, na dana\u0161njem obilje\u017eavanju Dana dr\u017eavnosti u Tuzli se medijima obratila i Sabira Mi\u0107anovi\u0107, predsjednica organizacije porodice \u0161ehida i poginulih boraca Grada Tuzle.<\/p>\n\n\n\n<p>&#8221;Za nas Tuzlake, ali i cijelu Bosnu i Hercegovinu su bitne i 41. i 45. godina te 92. i 95. Za nju su \u017eivote dali najbolji sinovi ove jedine nam dr\u017eave Bosne i Hercegovine. Tuzla \u0107e uvijek biti na putu antifa\u0161izma i oslobodila\u010dke politike i to \u0107emo i dalje njegovati &#8221;, zaklju\u010dila je Mi\u0107anovi\u0107.<\/p>\n\n\n\n<p>federalna.ba<\/p>\n","protected":false},"excerpt":{"rendered":"<p>U Tuzli je danas sve\u010dano obilje\u017een 25. novembar, Dan dr\u017eavnosti Bosne i Hercegovine. Delegacije Vlade Tuzlanskog kantona &nbsp;i Grada Tuzle polo\u017eile su cvije\u0107e i odale po\u010dast na spomen obilje\u017ejima na Slanoj Banji u Tuzli. &nbsp;Istaknuto da je 25. novembar &nbsp;historijski datum, ali i podsjetnik da svi gra\u0111ani i gra\u0111anke ove dr\u017eave trebaju i mogu \u017eivjeti [&hellip;]<\/p>\n","protected":false},"author":59,"featured_media":19630,"comment_status":"closed","ping_status":"closed","sticky":false,"template":"","format":"standard","meta":{"inline_featured_image":false,"footnotes":""},"categories":[37,38],"tags":[],"class_list":{"0":"post-19629","1":"post","2":"type-post","3":"status-publish","4":"format-standard","5":"has-post-thumbnail","7":"category-vijesti","8":"category-vijesti-iz-bih"},"acf":[],"_links":{"self":[{"href":"https:\/\/tvsensor.com\/api\/wp\/v2\/posts\/19629","targetHints":{"allow":["GET"]}}],"collection":[{"href":"https:\/\/tvsensor.com\/api\/wp\/v2\/posts"}],"about":[{"href":"https:\/\/tvsensor.com\/api\/wp\/v2\/types\/post"}],"author":[{"embeddable":true,"href":"https:\/\/tvsensor.com\/api\/wp\/v2\/users\/59"}],"replies":[{"embeddable":true,"href":"https:\/\/tvsensor.com\/api\/wp\/v2\/comments?post=19629"}],"version-history":[{"count":1,"href":"https:\/\/tvsensor.com\/api\/wp\/v2\/posts\/19629\/revisions"}],"predecessor-version":[{"id":19631,"href":"https:\/\/tvsensor.com\/api\/wp\/v2\/posts\/19629\/revisions\/19631"}],"wp:featuredmedia":[{"embeddable":true,"href":"https:\/\/tvsensor.com\/api\/wp\/v2\/media\/19630"}],"wp:attachment":[{"href":"https:\/\/tvsensor.com\/api\/wp\/v2\/media?parent=19629"}],"wp:term":[{"taxonomy":"category","embeddable":true,"href":"https:\/\/tvsensor.com\/api\/wp\/v2\/categories?post=19629"},{"taxonomy":"post_tag","embeddable":true,"href":"https:\/\/tvsensor.com\/api\/wp\/v2\/tags?post=19629"}],"curies":[{"name":"wp","href":"https:\/\/api.w.org\/{rel}","templated":true}]}}