{"id":19624,"date":"2020-11-25T14:12:41","date_gmt":"2020-11-25T13:12:41","guid":{"rendered":"https:\/\/senzor.ba\/?p=19624"},"modified":"2024-01-15T21:42:11","modified_gmt":"2024-01-15T20:42:11","slug":"mrkonjic-grad-obiljezena-77-godisnjica-od-prvog-zasjedanja-zavnobih-a","status":"publish","type":"post","link":"https:\/\/tvsensor.com\/clanak\/mrkonjic-grad-obiljezena-77-godisnjica-od-prvog-zasjedanja-zavnobih-a\/","title":{"rendered":"Mrkonji\u0107 Grad: Obilje\u017eena 77. godi\u0161njica od prvog zasjedanja ZAVNOBiH-a"},"content":{"rendered":"\n<p><strong>U Mrkonji\u0107 gradu je obilje\u017eena 77. godi\u0161njica od prvog zasjedanja ZAVNOBIH-a.<\/strong><\/p>\n\n\n\n<p>Antifa\u0161isti \u0161irom Bosne i Hercegovine okupili su se na mjestu, gdje je na dana\u0161nji dan 1943. godine donesena odluka o obnovi dr\u017eavnosti BiH i uspostavljanju njenih historijskih granica.<\/p>\n\n\n\n<figure class=\"wp-block-image\"><img decoding=\"async\" src=\"https:\/\/bhrt.ba\/wp-content\/uploads\/2020\/11\/Obiljezavanje-77-godina-od-zasjedanja-ZAVNOBIH-a-u-Mrkonjic-Gradu5-1024x766.jpg\" alt=\"Obiljezavanje 77 godina od zasjedanja ZAVNOBIH-a u Mrkonjic Gradu\" class=\"wp-image-1264387\"\/><\/figure>\n\n\n\n<p>Ove godine je bio ne\u0161to manji broj okupljenih zbog epidemiolo\u0161ke situacije, ali poruke su jasne \u2013 da se okrenemo jedni prema drugima, po\u0161tovati i uva\u017eavati, kao \u0161to je navedeno u rezoluciji ZAVNOBIH-a.<\/p>\n\n\n\n<blockquote class=\"wp-block-quote is-layout-flow wp-block-quote-is-layout-flow\"><p>\u201cDan dr\u017eavnosti BiH, jedine dr\u017eave koju ja imam, i sramotno je \u0161to se ovako de\u0161ava. Oronula zgrada iza mene je sramota za Republiku Srpsku i za kompletnu dr\u017eavu, \u0161to se ne dozvoljava da se ona renovira\u201d, rekao je Be\u0107ir Varupa iz Viteza.<\/p><\/blockquote>\n\n\n\n<p><strong>Prije ta\u010dno 77 godina, Vije\u0107nici ZAVNOBIH-a, njih ukupno 247 iz svih dijelova zemlje, usvojili su Rezoluciju o osnivanju ZAVNOBiH-a i Proglas narodima Bosne i Hercegovine u kojima je re\u010deno da je Bosna i Hercegovina jedinstvena i nedjeljiva dr\u017eava, ni srpska ni hrvatska ni muslimanska nego i srpska i muslimanska i hrvatska, zbratimljena zajednica u kojoj \u0107e biti osigurana puna ravnopravnost Muslimana, Srba i Hrvata, ali i svih ostalih naroda koji u njoj \u017eive.<\/strong><\/p>\n\n\n\n<p>ZAVNOBiH je bio najvi\u0161i dr\u017eavni organ antifa\u0161isti\u010dkog pokreta u Bosni i Hercegovini tokom Drugog svjetskog rata, te se razvio kao nosilac bosanskohercegova\u010dke dr\u017eavnosti.<\/p>\n","protected":false},"excerpt":{"rendered":"<p>U Mrkonji\u0107 gradu je obilje\u017eena 77. godi\u0161njica od prvog zasjedanja ZAVNOBIH-a. Antifa\u0161isti \u0161irom Bosne i Hercegovine okupili su se na mjestu, gdje je na dana\u0161nji dan 1943. godine donesena odluka o obnovi dr\u017eavnosti BiH i uspostavljanju njenih historijskih granica. Ove godine je bio ne\u0161to manji broj okupljenih zbog epidemiolo\u0161ke situacije, ali poruke su jasne \u2013 [&hellip;]<\/p>\n","protected":false},"author":59,"featured_media":19625,"comment_status":"closed","ping_status":"closed","sticky":false,"template":"","format":"standard","meta":{"inline_featured_image":false,"footnotes":""},"categories":[37,38],"tags":[],"class_list":{"0":"post-19624","1":"post","2":"type-post","3":"status-publish","4":"format-standard","5":"has-post-thumbnail","7":"category-vijesti","8":"category-vijesti-iz-bih"},"acf":[],"_links":{"self":[{"href":"https:\/\/tvsensor.com\/api\/wp\/v2\/posts\/19624","targetHints":{"allow":["GET"]}}],"collection":[{"href":"https:\/\/tvsensor.com\/api\/wp\/v2\/posts"}],"about":[{"href":"https:\/\/tvsensor.com\/api\/wp\/v2\/types\/post"}],"author":[{"embeddable":true,"href":"https:\/\/tvsensor.com\/api\/wp\/v2\/users\/59"}],"replies":[{"embeddable":true,"href":"https:\/\/tvsensor.com\/api\/wp\/v2\/comments?post=19624"}],"version-history":[{"count":3,"href":"https:\/\/tvsensor.com\/api\/wp\/v2\/posts\/19624\/revisions"}],"predecessor-version":[{"id":19628,"href":"https:\/\/tvsensor.com\/api\/wp\/v2\/posts\/19624\/revisions\/19628"}],"wp:featuredmedia":[{"embeddable":true,"href":"https:\/\/tvsensor.com\/api\/wp\/v2\/media\/19625"}],"wp:attachment":[{"href":"https:\/\/tvsensor.com\/api\/wp\/v2\/media?parent=19624"}],"wp:term":[{"taxonomy":"category","embeddable":true,"href":"https:\/\/tvsensor.com\/api\/wp\/v2\/categories?post=19624"},{"taxonomy":"post_tag","embeddable":true,"href":"https:\/\/tvsensor.com\/api\/wp\/v2\/tags?post=19624"}],"curies":[{"name":"wp","href":"https:\/\/api.w.org\/{rel}","templated":true}]}}