{"id":19621,"date":"2020-11-25T14:29:28","date_gmt":"2020-11-25T13:29:28","guid":{"rendered":"https:\/\/senzor.ba\/?p=19621"},"modified":"2024-01-15T21:42:11","modified_gmt":"2024-01-15T20:42:11","slug":"komsic-na-bobovcu-ovo-mjesto-je-materijalno-svjedocanstvo-o-snazi-nase-drzave","status":"publish","type":"post","link":"https:\/\/tvsensor.com\/clanak\/komsic-na-bobovcu-ovo-mjesto-je-materijalno-svjedocanstvo-o-snazi-nase-drzave\/","title":{"rendered":"Kom\u0161i\u0107 na Bobovcu: Ovo mjesto je materijalno svjedo\u010danstvo o snazi na\u0161e dr\u017eave"},"content":{"rendered":"\n<p><strong>Narodnim okupljanjem i obilje\u017eavanjem Dana dr\u017eavnosti Bosne i Hercegovine na kraljevskom gradu Bobovcu 25. novembra, \u010detiri godine zaredom, uspostavljena je tradicija manifestacije na ovom simboli\u010dnom mjestu bosanske pro\u0161losti.<\/strong><\/p>\n\n\n\n<p>U namjeri da se odr\u017ei tradicija i ove godine je primjereno okolnostima pandemije COVID-19, organizovano okupljanje delegacija nevladinih organizacija (Vije\u0107a kongresa bo\u0161nja\u010dkih intelektualaca, Hrvatskog narodnog vije\u0107a, Srpskog gra\u0111anskog vije\u0107a-pokret za ravnopravnost, MDD Merhamet, La Benevolencija, KUD Proleter i Asocijacije nezavisnih intelektualaca Krug 99) u simboli\u010dnoj gesti te lokalnih i drugih dr\u017eavnih institucija i organizacija.<\/p>\n\n\n\n<figure class=\"wp-block-image\"><img decoding=\"async\" src=\"https:\/\/static.hayat.ba\/2020\/11\/bobovac-dan-drzavnosti-hayat2-1024x498.jpg\" alt=\"\" class=\"wp-image-299018\"\/><\/figure>\n\n\n\n<p>Na ovogodi\u0161njoj simboli\u010dnoj manifestaciji povodom obnove dr\u017eavnog subjektiviteta i Dana dr\u017eavnosti BiH govorio je \u017deljko Kom\u0161i\u0107, \u010dlan Predsjedni\u0161tva BiH.<\/p>\n\n\n\n<ul class=\"wp-block-list\"><li>Danas obilje\u017eavamo sedamdeset i sedmu obljetnicu obnove dr\u017eavnosti Bosne i Hercegovine, odnosno obljetnicu Prvog zasjedanja Zemaljskog antifa\u0161isti\u010dkog narodnog oslobo\u0111enja Bosne i Hercegovine.<\/li><\/ul>\n\n\n\n<p>Jo\u0161 ju\u010der sam u izjavama za medije kazao, i danas \u0107u ovdje to da ponovim. Djelo obnove dr\u017eavnosti Bosne i Hercegovine zapravo je djelo jedne izuzetne generacije ljudi. Ljudi koji su prevazilaze\u0107i ideolo\u0161ke, politi\u010dke i etni\u010dke razlike, imali dovoljno mudrosti, koja nam danas \u010desto nedostaje, da prona\u0111u ono \u0161to je njihov zajedni\u010dki interes. A taj zajedni\u010dki interes je dr\u017eava.<\/p>\n\n\n\n<p>Mogli bi danas ovdje satima govoriti o tome koliki doprinos obnovi dr\u017eavnosti su dali ljudi poput Rodoljuba \u010colakovi\u0107a, Vojislava Kecmanovi\u0107a, Avde Hume, Sulejmana Filipovi\u0107a i mnogih drugih. Pa opet o njima i brojnim drugim herojima i antifa\u0161istima ne bi stigli da ka\u017eemo sve. O njima neka govori povijest i neka se o njima pi\u0161u knjige, kao \u0161to to, recimo, \u010dine Francuzi, kada pi\u0161u o vo\u0111ama Francuske revolucije.<\/p>\n\n\n\n<p>Danas smo obi\u0161li nekoliko spomen-obilje\u017eja, kako onih iz razdoblja sje\u0107anja na narodnooslobodila\u010dku borbu, tako i spomen-obilje\u017eja vezana za razdoblje posljednje agresije na Bosnu i Hercegovinu. Na svim tim spomenicima utkana su imena heroja i nevinih \u017ertava koji su svoje \u017eivote dali za Bosnu i Hercegovinu.<\/p>\n\n\n\n<p>\u010cesto ostanem zagledan u imena \u017ertava ispisana na Vracama i na Spomen-obilje\u017eju ubijenoj djeci Sarajeva. I pitam se, \u0161ta su zlo\u010dincima ta djeca kriva. Nema odgovora. Osim spoznaje da su ubijena od iste ideologije, ideologije fa\u0161izma, mr\u017enje i zla.<\/p>\n\n\n\n<p>No, unato\u010d svemu tome, unato\u010d tim bolnim \u010dinjenicama, Bosna i Hercegovina nije ubijena, niti je ubijena ideja Bosne i Hercegovine. Ona \u017eivi kroz mla\u0111e generacije, koje vole svoju domovinu, a od domovine \u017eele da naprave naprednu i sigurnu dr\u017eavu.<\/p>\n\n\n\n<figure class=\"wp-block-image\"><img decoding=\"async\" src=\"https:\/\/static.hayat.ba\/2020\/11\/bobovac-dan-drzavnosti-hayat1-1024x498.jpg\" alt=\"\" class=\"wp-image-299019\"\/><\/figure>\n\n\n\n<p>Danas smo ovdje na kraljevskom gradu Bobovcu, jednom od simbola napredne dr\u017eave Bosne.<\/p>\n\n\n\n<p>Ovo mjesto je materijalno svjedo\u010danstvo o snazi na\u0161e dr\u017eave i njezinoj sposobnosti da bude svoja i ni\u010dija drugo do svoja.<\/p>\n\n\n\n<p>Tada\u0161nja dr\u017eava Bosna, iako razapeta izme\u0111u Istoka i Zapada, na\u0161la je svoje mjesto pod nebom, jer je, zahvaljuju\u0107i njezinom tada\u0161njem vo\u0111stvu, bila jedna stabilna zemlja koja je \u010dvrsto \u010duvala svoje granice od vanjskih neprijatelja. Ovdje, na Bobovcu, \u010duvala se i bosanska kraljevska kruna. Danas ne postoje krune, ali jo\u0161 uvijek postoji dr\u017eava Bosna i Hercegovina. I moramo je \u010duvati kao krunu napora generacija koje su se za nju borile, od Kulina bana pa do danas.<\/p>\n\n\n\n<p>Nikada se zastava sa ljiljanima ne bi zavijorila kao \u0161to je 22. svibnja 1992. godine pred sjedi\u0161tem Ujedinjenih naroda, da Stjepan II Kotromani\u0107 nije podigao ovaj srednjovjekovni grad i da prije njega Ban Kulin i ostali srednjovjekovni vladari Bosnom nisu upravljali kako su upravljali.<\/p>\n\n\n\n<p>Ne bi se ljiljani zavijorili 1992. da 25. studenog 1943. godine u Mrkonji\u0107 Gradu, bosanskohercegova\u010dki antifa\u0161isti nisu obnovili dr\u017eavnost Bosne i Hercegovine. Niti bi se desilo bez Bosanaca i Hercegovaca koji su bili spremni braniti svoju domovinu, kao krunu napora svojih pradjedova, pod svaku cijenu.<\/p>\n\n\n\n<p>Mo\u017eemo i moramo biti ponosni na sve one koji su zaslu\u017eni \u0161to danas stojimo ovdje. Ukoliko iz njihovih iskustava i napora izvu\u010demo pouke, a mislim da smo ih izvukli, onda \u0107emo sigurno znati \u0161ta nam je i u budu\u0107nosti \u010diniti.<\/p>\n\n\n\n<p>Na\u0161a dr\u017eava nama nije poklonjena, ona je te\u0161kom mukom izborena. Stoga nikomu ne\u0107emo dozvoliti da nas promid\u017ebom i zalaganjem za nekakve nazadne koncepte vra\u0107a u bitke koje smo dobili. Budu\u0107nost pripada onima koji \u017eele da gledaju naprijed. Vjerujem da sada postoji temelj za napredovanje dr\u017eave, a da \u0107emo se u pro\u0161lost vra\u0107ati tek kroz sje\u0107anje.<\/p>\n\n\n\n<p>Svim gra\u0111anima Bosne i Hercegovine jo\u0161 jednom \u017eelim sretan Dan dr\u017eavnosti, stoji u saop\u0107enju iz ureda \u017deljka Kom\u0161i\u0107a.<\/p>\n\n\n\n<p>Hayat.ba<\/p>\n","protected":false},"excerpt":{"rendered":"<p>Narodnim okupljanjem i obilje\u017eavanjem Dana dr\u017eavnosti Bosne i Hercegovine na kraljevskom gradu Bobovcu 25. novembra, \u010detiri godine zaredom, uspostavljena je tradicija manifestacije na ovom simboli\u010dnom mjestu bosanske pro\u0161losti. U namjeri da se odr\u017ei tradicija i ove godine je primjereno okolnostima pandemije COVID-19, organizovano okupljanje delegacija nevladinih organizacija (Vije\u0107a kongresa bo\u0161nja\u010dkih intelektualaca, Hrvatskog narodnog vije\u0107a, Srpskog [&hellip;]<\/p>\n","protected":false},"author":59,"featured_media":19632,"comment_status":"closed","ping_status":"closed","sticky":false,"template":"","format":"standard","meta":{"inline_featured_image":false,"footnotes":""},"categories":[37,38],"tags":[],"class_list":{"0":"post-19621","1":"post","2":"type-post","3":"status-publish","4":"format-standard","5":"has-post-thumbnail","7":"category-vijesti","8":"category-vijesti-iz-bih"},"acf":[],"_links":{"self":[{"href":"https:\/\/tvsensor.com\/api\/wp\/v2\/posts\/19621","targetHints":{"allow":["GET"]}}],"collection":[{"href":"https:\/\/tvsensor.com\/api\/wp\/v2\/posts"}],"about":[{"href":"https:\/\/tvsensor.com\/api\/wp\/v2\/types\/post"}],"author":[{"embeddable":true,"href":"https:\/\/tvsensor.com\/api\/wp\/v2\/users\/59"}],"replies":[{"embeddable":true,"href":"https:\/\/tvsensor.com\/api\/wp\/v2\/comments?post=19621"}],"version-history":[{"count":1,"href":"https:\/\/tvsensor.com\/api\/wp\/v2\/posts\/19621\/revisions"}],"predecessor-version":[{"id":19633,"href":"https:\/\/tvsensor.com\/api\/wp\/v2\/posts\/19621\/revisions\/19633"}],"wp:featuredmedia":[{"embeddable":true,"href":"https:\/\/tvsensor.com\/api\/wp\/v2\/media\/19632"}],"wp:attachment":[{"href":"https:\/\/tvsensor.com\/api\/wp\/v2\/media?parent=19621"}],"wp:term":[{"taxonomy":"category","embeddable":true,"href":"https:\/\/tvsensor.com\/api\/wp\/v2\/categories?post=19621"},{"taxonomy":"post_tag","embeddable":true,"href":"https:\/\/tvsensor.com\/api\/wp\/v2\/tags?post=19621"}],"curies":[{"name":"wp","href":"https:\/\/api.w.org\/{rel}","templated":true}]}}