{"id":19620,"date":"2020-11-25T14:10:19","date_gmt":"2020-11-25T13:10:19","guid":{"rendered":"https:\/\/senzor.ba\/?p=19620"},"modified":"2024-01-15T21:42:11","modified_gmt":"2024-01-15T20:42:11","slug":"grad-u-praznicnom-ruhu-sarajevo-u-plavoj-i-zutoj-boji-danas-je-posebno-lijepo","status":"publish","type":"post","link":"https:\/\/tvsensor.com\/clanak\/grad-u-praznicnom-ruhu-sarajevo-u-plavoj-i-zutoj-boji-danas-je-posebno-lijepo\/","title":{"rendered":"Grad u prazni\u010dnom ruhu: Sarajevo u plavoj i \u017eutoj boji danas je posebno lijepo"},"content":{"rendered":"\n<p>Postavljanjem zastava BiH nanizanih na sajle izme\u0111u objekata u ulicama Ferhadija i Mar\u0161ala Tita preduze\u0107e Park&nbsp;<strong>dekoriralo je sarajevske ulica povodom Dana dr\u017eavnosti BiH<\/strong>. Na&nbsp;sajlama je nanizano ne\u0161to vi\u0161e od 5.000 zastava na\u0161e zemlje.<\/p>\n\n\n\n<p>Tako\u0111er, i na potezu od Velikog parka do Ned\u017eari\u0107a na svim velikim raskrsnicama i na potezu od Ned\u017eari\u0107a sve do Obale Kulina bana, odnosno zgrade Vije\u0107nice vijore se zastave BiH, pa\u00a0<strong>grad izgleda veoma sve\u010dano i lijepo.\u00a0<\/strong><\/p>\n\n\n\n<p>radiosarajevo.ba<\/p>\n","protected":false},"excerpt":{"rendered":"<p>Postavljanjem zastava BiH nanizanih na sajle izme\u0111u objekata u ulicama Ferhadija i Mar\u0161ala Tita preduze\u0107e Park&nbsp;dekoriralo je sarajevske ulica povodom Dana dr\u017eavnosti BiH. Na&nbsp;sajlama je nanizano ne\u0161to vi\u0161e od 5.000 zastava na\u0161e zemlje. Tako\u0111er, i na potezu od Velikog parka do Ned\u017eari\u0107a na svim velikim raskrsnicama i na potezu od Ned\u017eari\u0107a sve do Obale Kulina [&hellip;]<\/p>\n","protected":false},"author":59,"featured_media":19622,"comment_status":"closed","ping_status":"closed","sticky":false,"template":"","format":"standard","meta":{"inline_featured_image":false,"footnotes":""},"categories":[238],"tags":[],"class_list":{"0":"post-19620","1":"post","2":"type-post","3":"status-publish","4":"format-standard","5":"has-post-thumbnail","7":"category-slika-dana"},"acf":[],"_links":{"self":[{"href":"https:\/\/tvsensor.com\/api\/wp\/v2\/posts\/19620","targetHints":{"allow":["GET"]}}],"collection":[{"href":"https:\/\/tvsensor.com\/api\/wp\/v2\/posts"}],"about":[{"href":"https:\/\/tvsensor.com\/api\/wp\/v2\/types\/post"}],"author":[{"embeddable":true,"href":"https:\/\/tvsensor.com\/api\/wp\/v2\/users\/59"}],"replies":[{"embeddable":true,"href":"https:\/\/tvsensor.com\/api\/wp\/v2\/comments?post=19620"}],"version-history":[{"count":1,"href":"https:\/\/tvsensor.com\/api\/wp\/v2\/posts\/19620\/revisions"}],"predecessor-version":[{"id":19623,"href":"https:\/\/tvsensor.com\/api\/wp\/v2\/posts\/19620\/revisions\/19623"}],"wp:featuredmedia":[{"embeddable":true,"href":"https:\/\/tvsensor.com\/api\/wp\/v2\/media\/19622"}],"wp:attachment":[{"href":"https:\/\/tvsensor.com\/api\/wp\/v2\/media?parent=19620"}],"wp:term":[{"taxonomy":"category","embeddable":true,"href":"https:\/\/tvsensor.com\/api\/wp\/v2\/categories?post=19620"},{"taxonomy":"post_tag","embeddable":true,"href":"https:\/\/tvsensor.com\/api\/wp\/v2\/tags?post=19620"}],"curies":[{"name":"wp","href":"https:\/\/api.w.org\/{rel}","templated":true}]}}