{"id":19617,"date":"2020-11-25T13:49:32","date_gmt":"2020-11-25T12:49:32","guid":{"rendered":"https:\/\/senzor.ba\/?p=19617"},"modified":"2024-01-15T21:42:11","modified_gmt":"2024-01-15T20:42:11","slug":"pompeo-cestitao-dan-drzavnosti-stojimo-uz-bosnu-i-hercegovinu","status":"publish","type":"post","link":"https:\/\/tvsensor.com\/clanak\/pompeo-cestitao-dan-drzavnosti-stojimo-uz-bosnu-i-hercegovinu\/","title":{"rendered":"Pompeo \u010destitao Dan dr\u017eavnosti: Stojimo uz Bosnu i Hercegovinu"},"content":{"rendered":"\n<p><strong>Dan dr\u017eavnosti BiH<\/strong>&nbsp;gra\u0111anima na\u0161e zemlje&nbsp;<strong>\u010destitao je i ameri\u010dki dr\u017eavni sekretar Mike Pompeo.&nbsp;<\/strong><\/p>\n\n\n\n<p>&#8220;Dok Bosna i Hercegovina slavi svoj Dan dr\u017eavnosti, \u010destitke i s moje strane u ime vlade Sjedinjenih Ameri\u010dkih Dr\u017eava i ameri\u010dkog naroda. Ove godine tako\u0111er obilje\u017eavamo 25. godi\u0161njicu Dejtonskog mirovnog sporazuma koji je donio mir u Bosnu i Hercegovinu i omogu\u0107io procvat dubljeg odnosa izme\u0111u na\u0161e dvije zemlje, odnosa koji \u010dini temelj mira na zapadnom Balkanu&#8221;, kazao je Pompeo.<\/p>\n\n\n\n<p>Dodao je da da Sjedinjene Ameri\u010dke Dr\u017eave pohvaljuju napredak Bosne i Hercegovine u pravcu ve\u0107e demokratizacije.<\/p>\n\n\n\n<p>To, kako je kazao,&nbsp;pokazuje va\u017ean sporazum koji \u0107e omogu\u0107iti gra\u0111anima Mostara da prvi put od 2008. godine glasaju na predstoje\u0107im lokalnim izborima.<\/p>\n\n\n\n<p>&#8220;Tako\u0111er, stojimo uz Bosnu i Hercegovinu u daljnjem tra\u017eenju euroatlantskih integracija.&nbsp;\u017delim svim gra\u0111anima u va\u0161oj zemlji sigurnost i mir dok zajedno radimo na prevazila\u017eenju izazova koje pred nas postavlja pandemija koronavirusa&#8221;,&nbsp;naveo je u poruci.&nbsp;<\/p>\n","protected":false},"excerpt":{"rendered":"<p>Dan dr\u017eavnosti BiH&nbsp;gra\u0111anima na\u0161e zemlje&nbsp;\u010destitao je i ameri\u010dki dr\u017eavni sekretar Mike Pompeo.&nbsp; &#8220;Dok Bosna i Hercegovina slavi svoj Dan dr\u017eavnosti, \u010destitke i s moje strane u ime vlade Sjedinjenih Ameri\u010dkih Dr\u017eava i ameri\u010dkog naroda. Ove godine tako\u0111er obilje\u017eavamo 25. godi\u0161njicu Dejtonskog mirovnog sporazuma koji je donio mir u Bosnu i Hercegovinu i omogu\u0107io procvat dubljeg [&hellip;]<\/p>\n","protected":false},"author":59,"featured_media":19618,"comment_status":"closed","ping_status":"closed","sticky":false,"template":"","format":"standard","meta":{"inline_featured_image":false,"footnotes":""},"categories":[37,38],"tags":[],"class_list":{"0":"post-19617","1":"post","2":"type-post","3":"status-publish","4":"format-standard","5":"has-post-thumbnail","7":"category-vijesti","8":"category-vijesti-iz-bih"},"acf":[],"_links":{"self":[{"href":"https:\/\/tvsensor.com\/api\/wp\/v2\/posts\/19617","targetHints":{"allow":["GET"]}}],"collection":[{"href":"https:\/\/tvsensor.com\/api\/wp\/v2\/posts"}],"about":[{"href":"https:\/\/tvsensor.com\/api\/wp\/v2\/types\/post"}],"author":[{"embeddable":true,"href":"https:\/\/tvsensor.com\/api\/wp\/v2\/users\/59"}],"replies":[{"embeddable":true,"href":"https:\/\/tvsensor.com\/api\/wp\/v2\/comments?post=19617"}],"version-history":[{"count":1,"href":"https:\/\/tvsensor.com\/api\/wp\/v2\/posts\/19617\/revisions"}],"predecessor-version":[{"id":19619,"href":"https:\/\/tvsensor.com\/api\/wp\/v2\/posts\/19617\/revisions\/19619"}],"wp:featuredmedia":[{"embeddable":true,"href":"https:\/\/tvsensor.com\/api\/wp\/v2\/media\/19618"}],"wp:attachment":[{"href":"https:\/\/tvsensor.com\/api\/wp\/v2\/media?parent=19617"}],"wp:term":[{"taxonomy":"category","embeddable":true,"href":"https:\/\/tvsensor.com\/api\/wp\/v2\/categories?post=19617"},{"taxonomy":"post_tag","embeddable":true,"href":"https:\/\/tvsensor.com\/api\/wp\/v2\/tags?post=19617"}],"curies":[{"name":"wp","href":"https:\/\/api.w.org\/{rel}","templated":true}]}}