{"id":19614,"date":"2020-11-25T12:13:13","date_gmt":"2020-11-25T11:13:13","guid":{"rendered":"https:\/\/senzor.ba\/?p=19614"},"modified":"2024-01-15T21:42:11","modified_gmt":"2024-01-15T20:42:11","slug":"na-ahiret-preselila-nudzejma-kcerka-nezima-halilovica-muderrisa","status":"publish","type":"post","link":"https:\/\/tvsensor.com\/clanak\/na-ahiret-preselila-nudzejma-kcerka-nezima-halilovica-muderrisa\/","title":{"rendered":"Na Ahiret preselila Nud\u017eejma, k\u0107erka Nezima Halilovi\u0107a Muderrisa"},"content":{"rendered":"\n<p><strong>Nud\u017eejma Halilovi\u0107-Voloder<\/strong>, 25-godi\u0161nja k\u0107erka&nbsp;<strong>Nezima Halilovi\u0107a Muderrisa<\/strong>, donedavnog rukovodioca Ureda za had\u017e Rijaseta Islamske zajednice u Bosni&nbsp;i&nbsp;Hercegovini, dugogodi\u0161njeg&nbsp;<strong>glavnog imama MIZ Konjic i ratnog komandanta 4. Muslimanska slavne lahke brigade<\/strong>, umrla je jutros rano nakon vi\u0161ednevne borbe za \u017eivot.&nbsp;<\/p>\n\n\n\n<p>Kako je ranije potvrdio njezin otac, Nud\u017eejma je bila u 10. sedmici trudno\u0107e.&nbsp;Uslijed&nbsp;posljedica udara tromba, \u0161to se&nbsp;odrazio na sinuse i mozak,&nbsp;<strong>Nud\u017eejma je od pro\u0161le sedmice bila u dubokoj komi<\/strong>. Od tada je priklju\u010dena na respirator, mada je bila negativna na COVID-19.<\/p>\n\n\n\n<p>Halilovi\u0107 je jutros&nbsp;na dru\u0161tvenim mre\u017eama&nbsp;potvrdio da je njegova k\u0107erka umrla, poslije vi\u0161ednevne borbe za \u017eivot.<\/p>\n\n\n\n<p>Mnogi su&nbsp;prethodnih&nbsp;upu\u0107ivali dove, mole\u0107i za&nbsp;ozdravljenje&nbsp;prelijepe mlade \u017eene.<\/p>\n\n\n\n<figure class=\"wp-block-image\"><img decoding=\"async\" src=\"https:\/\/storage.radiosarajevo.ba\/image\/565136\/1180x732\/muderiss_nudzejma_novembar2020_FB2.jpg\" alt=\"Nezim Halilovi\u0107 sa k\u0107erkom Nud\u017eejmom - undefined\"\/><figcaption><em><strong>FOTO: Facebook: Nezim Halilovi\u0107 sa k\u0107erkom Nud\u017eejmom<\/strong><\/em><\/figcaption><\/figure>\n\n\n\n<p><strong>&#8220;Na\u0161 sin, moja du\u0161a, moja Nud\u017eejma je Allahovom voljom jutros u zoru preselila na Bolji svijet i zadovoljni smo Allahovom odredbom.<\/strong><strong>&nbsp;<\/strong><strong>Inna lillahi ve inna ilejhi rad\u017ei'un! (Uistinu smo svi mi Allahovi i uistinu se svi Njemu vra\u0107amo!) Molim Allaha, d\u017eelle \u0161e'nuhu, da joj se smiluje,&nbsp;<\/strong><strong>a&nbsp;<\/strong><strong>porodici, rodbini, kom\u0161ijama, prijateljima, bra\u0107i i sestrama podari sabur i sastavi nas u Firdevsu!<\/strong>&#8220;, napisao je Halilovi\u0107 na svome Facebook profilu.<strong><\/strong><\/p>\n\n\n\n<p><strong><\/strong>Mnogi&nbsp;se opra\u0161taju se od mlade Nud\u017eejme, izra\u017eavaju\u0107i podr\u0161ku njezinoj porodici u najte\u017eim trenutcima.<\/p>\n\n\n\n<p>&#8220;Ptica je d\u017eennetska svom stani\u0161tu u sabah odletjela, uz pratnju bezbroj na\u0161ih dova i molitvi. Njeno \u0107e malo pti\u010de ostat u svome gnijezdu i gledat u njeno mjesto koje dunjaluk ne mo\u017ee popuniti. Allahu Sveprisutni, Ti si dovoljan svakome u svemu.<\/p>\n\n\n\n<p>Allah da se smiluje r. Nud\u017eejmi, a njenoj porodici podari sabri d\u017eemil.<\/p>\n\n\n\n<p>Amin&#8221;, napisao je, me\u0111u ostalima,\u00a0<strong>Muhamed ef. Veli\u0107<\/strong>, imam Fehradije d\u017eamije u Sarajevu.<\/p>\n\n\n\n<p>radiosarajevo.ba<\/p>\n","protected":false},"excerpt":{"rendered":"<p>Nud\u017eejma Halilovi\u0107-Voloder, 25-godi\u0161nja k\u0107erka&nbsp;Nezima Halilovi\u0107a Muderrisa, donedavnog rukovodioca Ureda za had\u017e Rijaseta Islamske zajednice u Bosni&nbsp;i&nbsp;Hercegovini, dugogodi\u0161njeg&nbsp;glavnog imama MIZ Konjic i ratnog komandanta 4. Muslimanska slavne lahke brigade, umrla je jutros rano nakon vi\u0161ednevne borbe za \u017eivot.&nbsp; Kako je ranije potvrdio njezin otac, Nud\u017eejma je bila u 10. sedmici trudno\u0107e.&nbsp;Uslijed&nbsp;posljedica udara tromba, \u0161to se&nbsp;odrazio na [&hellip;]<\/p>\n","protected":false},"author":59,"featured_media":19615,"comment_status":"closed","ping_status":"closed","sticky":false,"template":"","format":"standard","meta":{"inline_featured_image":false,"footnotes":""},"categories":[37,38],"tags":[],"class_list":{"0":"post-19614","1":"post","2":"type-post","3":"status-publish","4":"format-standard","5":"has-post-thumbnail","7":"category-vijesti","8":"category-vijesti-iz-bih"},"acf":[],"_links":{"self":[{"href":"https:\/\/tvsensor.com\/api\/wp\/v2\/posts\/19614","targetHints":{"allow":["GET"]}}],"collection":[{"href":"https:\/\/tvsensor.com\/api\/wp\/v2\/posts"}],"about":[{"href":"https:\/\/tvsensor.com\/api\/wp\/v2\/types\/post"}],"author":[{"embeddable":true,"href":"https:\/\/tvsensor.com\/api\/wp\/v2\/users\/59"}],"replies":[{"embeddable":true,"href":"https:\/\/tvsensor.com\/api\/wp\/v2\/comments?post=19614"}],"version-history":[{"count":1,"href":"https:\/\/tvsensor.com\/api\/wp\/v2\/posts\/19614\/revisions"}],"predecessor-version":[{"id":19616,"href":"https:\/\/tvsensor.com\/api\/wp\/v2\/posts\/19614\/revisions\/19616"}],"wp:featuredmedia":[{"embeddable":true,"href":"https:\/\/tvsensor.com\/api\/wp\/v2\/media\/19615"}],"wp:attachment":[{"href":"https:\/\/tvsensor.com\/api\/wp\/v2\/media?parent=19614"}],"wp:term":[{"taxonomy":"category","embeddable":true,"href":"https:\/\/tvsensor.com\/api\/wp\/v2\/categories?post=19614"},{"taxonomy":"post_tag","embeddable":true,"href":"https:\/\/tvsensor.com\/api\/wp\/v2\/tags?post=19614"}],"curies":[{"name":"wp","href":"https:\/\/api.w.org\/{rel}","templated":true}]}}