{"id":19610,"date":"2020-11-25T12:08:29","date_gmt":"2020-11-25T11:08:29","guid":{"rendered":"https:\/\/senzor.ba\/?p=19610"},"modified":"2024-01-15T21:42:12","modified_gmt":"2024-01-15T20:42:12","slug":"sramotni-stanivukovic-negirao-genocid-u-srebrenici-i-presude-karadzicu-i-mladicu","status":"publish","type":"post","link":"https:\/\/tvsensor.com\/clanak\/sramotni-stanivukovic-negirao-genocid-u-srebrenici-i-presude-karadzicu-i-mladicu\/","title":{"rendered":"Sramotni Stanivukovi\u0107 negirao genocid u Srebrenici i presude Karad\u017ei\u0107u i Mladi\u0107u"},"content":{"rendered":"\n<p>Novi gradona\u010delnik Banje Luke&nbsp;<strong>Dra\u0161ko Stanivukovi\u0107<\/strong>&nbsp;gostovao je u&nbsp;<a href=\"http:\/\/hr.n1info.com\/Regija\/a579402\/Stanivukovic-Mojom-pobjedom-u-Banja-Luci-zavrsava-era-korumpiranih-politicara.html\" target=\"_blank\" rel=\"noreferrer noopener\"><strong>Pressingu N1 televizije<\/strong><\/a>&nbsp;gdje je govorio o stanju u ovom gradu, o Miloradu Dodiku, a komentirao je i presude Ha\u0161kog suda i za\u0161to smatra da u Srebrenici nije po\u010dinjen genocid.<\/p>\n\n\n\n<p>&#8220;<strong>Mojom pobjedom u Banja Luci zavr\u0161ava era korumpiranih politi\u010dara<\/strong>&#8220;, kazao je na samom po\u010detku Stanivukovi\u0107 koji je najavio da \u0107e vlast preuzeti do kraja godine.<\/p>\n\n\n\n<p>&#8220;<strong>Ako govorimo o Banja Luci, to jest&nbsp;i bit \u0107e prijateljski grad prema svakom \u010dovjeku<\/strong>. Nikakve podjele, ni politi\u010dke, ni vjerske, ni nacionalne &#8211; to je otvoren grad&#8221;, kazao je.<\/p>\n\n\n\n<p>Komentirao je i spomenik&nbsp;<strong>Hrvatima, Bo\u0161njacima i Srbima u Banjoj Luci<\/strong>, \u0161to su posebno komentirali politi\u010dki protivnici.<\/p>\n\n\n\n<p>&#8220;<strong>Samo kod nas na brdovitom Balkanu ideja mira mo\u017ee izazvati nemir<\/strong>. Govorio sam o jednoj ideji mira, ne oslikavaju\u0107i bilo kakve detalje, a politi\u010dki oponenti uzmu odre\u0111ene stvari pa u BiH u jednom danu mo\u017eete biti nacionalista i izdajnik. I prethodni gradona\u010delnici su razmatrali tu ideju parka mira koji treba simbolizirati da je svaki rat uzaludan&#8221;, pojasnio je Stanivukovi\u0107, dodaju\u0107i da je to univerzalna ideja mira.<\/p>\n\n\n\n<p>Preminuo je&nbsp;<strong>Mustafa Nadarevi\u0107<\/strong>, ro\u0111eni Banjolu\u010danin, a banjalu\u010dki SDP uputio je inicijativu da jedna od prvih odluka novog gradona\u010delnika bude imenovanje jedne ulice u tom gradu po njemu.<\/p>\n\n\n\n<p>&#8220;Taj jedan veliki \u010dovjek nije jo\u0161 ni sahranjen, trebaju se neki utisci sle\u0107i. Takvi veliki ljudi naravno da to zaslu\u017euju. Za\u0161to da bje\u017eim od toga?!&#8221;, kazao je.<\/p>\n\n\n\n<h3 class=\"wp-block-heading\"><strong>&#8216;Za\u0161to njih boli Banja Luka?&#8217;<\/strong><\/h3>\n\n\n\n<p><strong>Milorad Dodik<\/strong>&nbsp;najavio je da \u0107e zaustaviti financiranje nekih projekata u Banjoj Luci od strane entitetske vlade i da \u0107e prestati subvencionirati grijanje. Navodno \u0107e ve\u0107 idu\u0107eg tjedna po hitnom postupku Skup\u0161tina RS-a raspravljati o izmjenama Zakona o lokalnoj samoupravi prema kojem bi uloga gradona\u010delnika postala protokolarna, a grad bi vodio &#8220;<strong>gradski menad\u017eer<\/strong>&#8220;. Stanivukovi\u0107 na to ka\u017ee da je on izabran voljom gra\u0111ana te da ako do ovoga do\u0111e, on \u0107e pozvati gra\u0111ane na mirni prosvjed.<\/p>\n\n\n\n<p>&#8220;Za\u0161to njih boli Banja Luka? Zato \u0161to se po prvi put pojavio netko koga ne mogu zaustaviti u reviziji svih ugovora, u&nbsp;<strong>pokazivanju svih kriminala, korupcija, zato \u0161to se pojavio neko ko je nepotkupljiv i neko ko ima ve\u0107u energiju, \u017eelju, strast i mnogo ve\u0107u podr\u0161ku nego \u0161to oni mogu zamisliti&#8221;, poru\u010dio je Stanivukovi\u0107.<\/strong><\/p>\n\n\n\n<p>Pojedini ka\u017eu da \u0107e se i Stanivukovi\u0107 promijeniti i postati kao Dodik.<\/p>\n\n\n\n<p>&#8220;Razumijem da ljudi tako na to gledaju jer na\u0161 narod je u mnogo procesa prevaren, pro\u017eivio je mnoge patnje i stradanja.&nbsp;<strong>Ali nakon 22 godine ljudi su u 11 izbornih procesa u Banja Luci glasali kako su glasali, uvijek su oni pobje\u0111ivali.<\/strong>&nbsp;Danas se desilo druga\u010dije, narodu je vra\u0107ena vjera. ne mo\u017eete porediti politi\u010dku platformu Dodika i mene. On je u ratu krao, a moja porodica je stradala. On se u ratu obogatio, a mi smo prije rata bili imu\u0107na i stabilna obitelj. Ja sam rodoljub u du\u0161i, a on iz interesa &#8211; to su su\u0161tinske razlike&#8221;,&nbsp; kazao je.<\/p>\n\n\n\n<h3 class=\"wp-block-heading\"><strong>&#8216;To pitanje je politizirano&#8217;<\/strong><\/h3>\n\n\n\n<p><strong>Pojasnio je i za\u0161to smatra da u Srebrenici nije po\u010dinjen genocid.<\/strong><\/p>\n\n\n\n<p>&#8220;<strong>Znate li definiciju genocida?<\/strong>&nbsp;Istrebljenje naroda s odre\u0111enog teritorija. Je li bila namjera u tom smislu da svi budu protjerani? Srebrenica je dio BiH. Govorimo o namjeri da jedan narod bude istrebljen s tog&nbsp;teritorija, o namjeri da se djeca ubijaju. Takve namjere nije bilo. R<strong>ekao sam, bio je veliki zlo\u010din, meni je \u017eao zbog svake \u017ertve.<\/strong>&nbsp;Ali \u0161to je problem? Problem je \u0161to je to pitanje politizirano. \u0160to ho\u0107e da kada se ka\u017ee ta \u010duvena rije\u010d, ja je ne\u0107u ni ponoviti, onda da se ka\u017ee da je \u010ditav narod takav. Mi Srbi nismo takav narod. Predstavljam jednog modernog politi\u010dara koji voli sve druge ljude.&nbsp;<strong>Ne bje\u017eim od gre\u0161aka. Ako je netko u jednoj stranci lo\u0161, pa ne zna\u010di da je svaki \u010dlan u toj stranci lo\u0161&#8221;, kazao je.&nbsp;<\/strong><\/p>\n\n\n\n<p>Na pitanje priznaje li presude Ha\u0161kog suda u slu\u010daju&nbsp;<strong>Radovana Karad\u017ei\u0107a<\/strong>&nbsp;i&nbsp;<strong>Ratka Mladi\u0107a<\/strong>, poru\u010dio je da ne priznaje &#8220;ni\u0161ta od tog suda&#8221;.<\/p>\n\n\n\n<p>&#8220;<strong>Taj sud je nanio veliku politi\u010dku \u0161tetu mom narodu i to je za mene \u010di\u010da-mi\u010da, zavr\u0161ena pri\u010da<\/strong>&#8220;, kazao je Stanivukovi\u0107 za&nbsp;<a href=\"http:\/\/hr.n1info.com\/Regija\/a579402\/Stanivukovic-Mojom-pobjedom-u-Banja-Luci-zavrsava-era-korumpiranih-politicara.html\" target=\"_blank\" rel=\"noreferrer noopener\"><strong>N1<\/strong><\/a>.<\/p>\n\n\n\n<p><strong>Pogledajte:<\/strong><\/p>\n\n\n\n<figure class=\"wp-block-embed-youtube wp-block-embed is-type-video is-provider-youtube wp-embed-aspect-16-9 wp-has-aspect-ratio\"><div class=\"wp-block-embed__wrapper\">\n<iframe loading=\"lazy\" title=\"N1 Pressing: Dra\u0161ko Stanivukovi\u0107 (24.11.2020)\" width=\"696\" height=\"392\" src=\"https:\/\/www.youtube.com\/embed\/ZpVSMFHUt6c?feature=oembed&#038;enablejsapi=1\" frameborder=\"0\" allow=\"accelerometer; autoplay; clipboard-write; encrypted-media; gyroscope; picture-in-picture\" allowfullscreen><\/iframe>\n<\/div><\/figure>\n","protected":false},"excerpt":{"rendered":"<p>Novi gradona\u010delnik Banje Luke&nbsp;Dra\u0161ko Stanivukovi\u0107&nbsp;gostovao je u&nbsp;Pressingu N1 televizije&nbsp;gdje je govorio o stanju u ovom gradu, o Miloradu Dodiku, a komentirao je i presude Ha\u0161kog suda i za\u0161to smatra da u Srebrenici nije po\u010dinjen genocid. &#8220;Mojom pobjedom u Banja Luci zavr\u0161ava era korumpiranih politi\u010dara&#8220;, kazao je na samom po\u010detku Stanivukovi\u0107 koji je najavio da \u0107e [&hellip;]<\/p>\n","protected":false},"author":59,"featured_media":19611,"comment_status":"closed","ping_status":"closed","sticky":false,"template":"","format":"standard","meta":{"inline_featured_image":false,"footnotes":""},"categories":[234,37,38],"tags":[],"class_list":{"0":"post-19610","1":"post","2":"type-post","3":"status-publish","4":"format-standard","5":"has-post-thumbnail","7":"category-politika","8":"category-vijesti","9":"category-vijesti-iz-bih"},"acf":[],"_links":{"self":[{"href":"https:\/\/tvsensor.com\/api\/wp\/v2\/posts\/19610","targetHints":{"allow":["GET"]}}],"collection":[{"href":"https:\/\/tvsensor.com\/api\/wp\/v2\/posts"}],"about":[{"href":"https:\/\/tvsensor.com\/api\/wp\/v2\/types\/post"}],"author":[{"embeddable":true,"href":"https:\/\/tvsensor.com\/api\/wp\/v2\/users\/59"}],"replies":[{"embeddable":true,"href":"https:\/\/tvsensor.com\/api\/wp\/v2\/comments?post=19610"}],"version-history":[{"count":1,"href":"https:\/\/tvsensor.com\/api\/wp\/v2\/posts\/19610\/revisions"}],"predecessor-version":[{"id":19613,"href":"https:\/\/tvsensor.com\/api\/wp\/v2\/posts\/19610\/revisions\/19613"}],"wp:featuredmedia":[{"embeddable":true,"href":"https:\/\/tvsensor.com\/api\/wp\/v2\/media\/19611"}],"wp:attachment":[{"href":"https:\/\/tvsensor.com\/api\/wp\/v2\/media?parent=19610"}],"wp:term":[{"taxonomy":"category","embeddable":true,"href":"https:\/\/tvsensor.com\/api\/wp\/v2\/categories?post=19610"},{"taxonomy":"post_tag","embeddable":true,"href":"https:\/\/tvsensor.com\/api\/wp\/v2\/tags?post=19610"}],"curies":[{"name":"wp","href":"https:\/\/api.w.org\/{rel}","templated":true}]}}