{"id":19607,"date":"2020-11-25T12:02:52","date_gmt":"2020-11-25T11:02:52","guid":{"rendered":"https:\/\/senzor.ba\/?p=19607"},"modified":"2024-01-15T21:42:12","modified_gmt":"2024-01-15T20:42:12","slug":"mijatovic-polozio-cvijece-kod-vjecne-vatre-100-posto-sam-srbin-101-posto-bosanac","status":"publish","type":"post","link":"https:\/\/tvsensor.com\/clanak\/mijatovic-polozio-cvijece-kod-vjecne-vatre-100-posto-sam-srbin-101-posto-bosanac\/","title":{"rendered":"Mijatovi\u0107 polo\u017eio cvije\u0107e kod Vje\u010dne vatre: 100 posto sam Srbin, 101 posto Bosanac"},"content":{"rendered":"\n<p>U rezoluciji koja jasno pokazuje&nbsp;<strong>opredjeljenje da Bosna i Hercegovina<\/strong>&nbsp;bude posebna i ravnopravna sa drugima u &#8220;novoj&#8221; Jugoslaviji izme\u0111u ostalog se navodi:<\/p>\n\n\n\n<p>&#8220;Danas Narodi Bosne i Hercegovine kroz svoje jedino politi\u010dko pretstavni\u0161tvo, Zemaljsko antifa\u0161isti\u010dko vije\u0107e narodnog oslobo\u0111enja Bosne i Hercegovine, ho\u0107e da njihova zemlja, koja nije ni srpska, ni hrvatska ni muslimanska nego i srpska, i muslimanska i hrvatska bude slobodna i zbratimljena Bosna i Hercegovina, u kojoj \u0107e biti osigurana puna ravnopravnost i jednakost svih Srba, Muslimana i Hrvata.&nbsp;<strong>Narodi Bosne i Hercegovine u\u010destvova\u0107e ravnopravno sa ostalim na\u0161im narodima u izgradnji narodne demokratske federativne Jugoslavije<\/strong>&#8220;.<\/p>\n\n\n\n<p>To ka\u017ee\u00a0<strong>Vojin Mijatovi\u0107<\/strong>,\u00a0potpredsjednik SDP BiH,\u00a0<strong>koji je danas do\u0161ao u Sarajevo, da bi bio prvi Banjalu\u010danin u novijoj historiji BiH koji je na dan dr\u017eavnosti BiH polo\u017eio cvije\u0107e ispred Vje\u010dne vatre.<\/strong><\/p>\n\n\n\n<figure class=\"wp-block-image\"><img decoding=\"async\" src=\"https:\/\/storage.radiosarajevo.ba\/image\/565130\/1180x732\/Vojin_mijatovic_vjecna_vatra_novembar2020_DKRSA0002.jpg\" alt=\"\"\/><\/figure>\n\n\n\n<p>Potpredsjednik SDP-a BiH je zatim dodao:<\/p>\n\n\n\n<p>&#8220;Bosna i Hercegovina slobodna i zbratimljena,&nbsp;<strong>ovo je zakletva mog dede Dragutina Mijatovi\u0107a po ocu i Du\u0161ana Tati\u0107a po majci, izdao bih sebe, svoju porodicu i svoju domovinu kada bih odstupio od ovoga&#8221;.&nbsp;<\/strong><\/p>\n\n\n\n<p>Mijatovi\u0107 tvrdi da bez obzira koliko dana\u0161nje okolnosti bile naizgled promijenjene i druga\u010dije, na\u0161a zemlja o svom habitusu ostala je ista i danas kao i tada predstavlja su\u0161tinu pa i dana\u0161nje Evrope.<\/p>\n\n\n\n<p>&#8220;<strong>Neko mi sino\u0107 re\u010de da \u0107u biti danas prvi Banjalu\u010danin koji poslije rata pola\u017ee cvije\u0107e ispred Ve\u010dne vatre na dana\u0161nji dan<\/strong>. Ako je tako, ponosan sam jer ZAVNOBIH je zakletva mog Dragutina i Du\u0161ana i zakletva moja. Ja sam isti kao i moji djedovi, neka se menja ko \u017eeli, ja ne\u0107u i ne mogu jer izdao bih sebe! 100 posto sam Srbin, a 101 posto Bosanac i Hercegovac. Imam pravo na to, ponosan sam na to! Neka ve\u010dno zivi na\u0161a domovina Bosna i Hercegovina, slobodna i zbratimljena!\u00a0<strong>Svim gra\u0111anima Bosne i Hercegovine \u017eelim sretan Dan dr\u017eavnosti!&#8221;, kazao je Vojin Mijatovi\u0107, potpredsjednik SDP BiH.\u00a0<\/strong><\/p>\n\n\n\n<p>radiosarajevo.ba<\/p>\n","protected":false},"excerpt":{"rendered":"<p>U rezoluciji koja jasno pokazuje&nbsp;opredjeljenje da Bosna i Hercegovina&nbsp;bude posebna i ravnopravna sa drugima u &#8220;novoj&#8221; Jugoslaviji izme\u0111u ostalog se navodi: &#8220;Danas Narodi Bosne i Hercegovine kroz svoje jedino politi\u010dko pretstavni\u0161tvo, Zemaljsko antifa\u0161isti\u010dko vije\u0107e narodnog oslobo\u0111enja Bosne i Hercegovine, ho\u0107e da njihova zemlja, koja nije ni srpska, ni hrvatska ni muslimanska nego i srpska, i [&hellip;]<\/p>\n","protected":false},"author":59,"featured_media":19608,"comment_status":"closed","ping_status":"closed","sticky":false,"template":"","format":"standard","meta":{"inline_featured_image":false,"footnotes":""},"categories":[37,38],"tags":[],"class_list":{"0":"post-19607","1":"post","2":"type-post","3":"status-publish","4":"format-standard","5":"has-post-thumbnail","7":"category-vijesti","8":"category-vijesti-iz-bih"},"acf":[],"_links":{"self":[{"href":"https:\/\/tvsensor.com\/api\/wp\/v2\/posts\/19607","targetHints":{"allow":["GET"]}}],"collection":[{"href":"https:\/\/tvsensor.com\/api\/wp\/v2\/posts"}],"about":[{"href":"https:\/\/tvsensor.com\/api\/wp\/v2\/types\/post"}],"author":[{"embeddable":true,"href":"https:\/\/tvsensor.com\/api\/wp\/v2\/users\/59"}],"replies":[{"embeddable":true,"href":"https:\/\/tvsensor.com\/api\/wp\/v2\/comments?post=19607"}],"version-history":[{"count":1,"href":"https:\/\/tvsensor.com\/api\/wp\/v2\/posts\/19607\/revisions"}],"predecessor-version":[{"id":19609,"href":"https:\/\/tvsensor.com\/api\/wp\/v2\/posts\/19607\/revisions\/19609"}],"wp:featuredmedia":[{"embeddable":true,"href":"https:\/\/tvsensor.com\/api\/wp\/v2\/media\/19608"}],"wp:attachment":[{"href":"https:\/\/tvsensor.com\/api\/wp\/v2\/media?parent=19607"}],"wp:term":[{"taxonomy":"category","embeddable":true,"href":"https:\/\/tvsensor.com\/api\/wp\/v2\/categories?post=19607"},{"taxonomy":"post_tag","embeddable":true,"href":"https:\/\/tvsensor.com\/api\/wp\/v2\/tags?post=19607"}],"curies":[{"name":"wp","href":"https:\/\/api.w.org\/{rel}","templated":true}]}}