{"id":19603,"date":"2020-11-25T11:42:04","date_gmt":"2020-11-25T10:42:04","guid":{"rendered":"https:\/\/senzor.ba\/?p=19603"},"modified":"2024-01-15T21:42:12","modified_gmt":"2024-01-15T20:42:12","slug":"ibrahimovic-opet-najbolji-nagradu-cu-osvojiti-i-kada-budem-imao-50","status":"publish","type":"post","link":"https:\/\/tvsensor.com\/clanak\/ibrahimovic-opet-najbolji-nagradu-cu-osvojiti-i-kada-budem-imao-50\/","title":{"rendered":"Ibrahimovi\u0107 opet najbolji: Nagradu \u0107u osvojiti i kada budem imao 50"},"content":{"rendered":"\n<p>Napada\u010d italijanskog Milana, 39-godi\u0161nji&nbsp;<strong>Zlatan Ibrahimovi\u0107, 12. put je progla\u0161en fudbalerom godine u \u0160vedskoj.&nbsp;<\/strong><\/p>\n\n\n\n<p>U Stokholmu, glavnom gradu \u0160vedske, sino\u0107 je digitalnim putem odr\u017eana ceremonija progla\u0161enja najboljih fudbalera u 2020. godini u toj zemlji.<\/p>\n\n\n\n<p>Ibrahimovi\u0107 je po 12. put progla\u0161en za fudbalera godine u \u0160vedskoj.<\/p>\n\n\n\n<p>Popularni napada\u010d se u obra\u0107anju iz Italije online putem&nbsp;<strong>u prepoznatljivom stilu na\u0161alio, kazav\u0161i da \u0107e ovu nagradu osvojiti kada bude imao i 50 godina<\/strong>, te dodao da je sretan \u0161to je ponovo progla\u0161en fudbalerom godine.<\/p>\n\n\n\n<p>&#8220;Zaista radim naporno, imam veliku \u017eelju i veliko samopouzdanje. \u010cak i u ovim godinama pru\u017eam dobre igre jer se zaista mnogo trudim&#8221;, kazao je Ibrahimovi\u0107.<\/p>\n\n\n\n<p><strong>Kristoffer Nordfeldt<\/strong>, golman Genclerbirligija, bio je jedan od tri igra\u010da nominiranih za nagradu &#8220;golman godine&#8221; koju je osvojio golman&nbsp;<strong>Evertona Robin Olsen.<\/strong><\/p>\n\n\n\n<p>Nordfeldt je kazao da je sretan \u0161to je bio jedan od igra\u010da nominiranih za nagradu, dodaju\u0107i kako je zadovoljan igrama u turskom Genclerbirligiju.<\/p>\n\n\n\n<figure class=\"wp-block-image\"><img decoding=\"async\" src=\"https:\/\/storage.radiosarajevo.ba\/image\/565101\/1180x732\/zlatan_ibrahimovic.jpg\" alt=\"\"\/><\/figure>\n","protected":false},"excerpt":{"rendered":"<p>Napada\u010d italijanskog Milana, 39-godi\u0161nji&nbsp;Zlatan Ibrahimovi\u0107, 12. put je progla\u0161en fudbalerom godine u \u0160vedskoj.&nbsp; U Stokholmu, glavnom gradu \u0160vedske, sino\u0107 je digitalnim putem odr\u017eana ceremonija progla\u0161enja najboljih fudbalera u 2020. godini u toj zemlji. Ibrahimovi\u0107 je po 12. put progla\u0161en za fudbalera godine u \u0160vedskoj. Popularni napada\u010d se u obra\u0107anju iz Italije online putem&nbsp;u prepoznatljivom stilu [&hellip;]<\/p>\n","protected":false},"author":59,"featured_media":19604,"comment_status":"closed","ping_status":"closed","sticky":false,"template":"","format":"standard","meta":{"inline_featured_image":false,"footnotes":""},"categories":[62],"tags":[],"class_list":{"0":"post-19603","1":"post","2":"type-post","3":"status-publish","4":"format-standard","5":"has-post-thumbnail","7":"category-nogomet"},"acf":[],"_links":{"self":[{"href":"https:\/\/tvsensor.com\/api\/wp\/v2\/posts\/19603","targetHints":{"allow":["GET"]}}],"collection":[{"href":"https:\/\/tvsensor.com\/api\/wp\/v2\/posts"}],"about":[{"href":"https:\/\/tvsensor.com\/api\/wp\/v2\/types\/post"}],"author":[{"embeddable":true,"href":"https:\/\/tvsensor.com\/api\/wp\/v2\/users\/59"}],"replies":[{"embeddable":true,"href":"https:\/\/tvsensor.com\/api\/wp\/v2\/comments?post=19603"}],"version-history":[{"count":2,"href":"https:\/\/tvsensor.com\/api\/wp\/v2\/posts\/19603\/revisions"}],"predecessor-version":[{"id":19606,"href":"https:\/\/tvsensor.com\/api\/wp\/v2\/posts\/19603\/revisions\/19606"}],"wp:featuredmedia":[{"embeddable":true,"href":"https:\/\/tvsensor.com\/api\/wp\/v2\/media\/19604"}],"wp:attachment":[{"href":"https:\/\/tvsensor.com\/api\/wp\/v2\/media?parent=19603"}],"wp:term":[{"taxonomy":"category","embeddable":true,"href":"https:\/\/tvsensor.com\/api\/wp\/v2\/categories?post=19603"},{"taxonomy":"post_tag","embeddable":true,"href":"https:\/\/tvsensor.com\/api\/wp\/v2\/tags?post=19603"}],"curies":[{"name":"wp","href":"https:\/\/api.w.org\/{rel}","templated":true}]}}