{"id":19600,"date":"2020-11-25T11:38:36","date_gmt":"2020-11-25T10:38:36","guid":{"rendered":"https:\/\/senzor.ba\/?p=19600"},"modified":"2024-01-15T21:42:12","modified_gmt":"2024-01-15T20:42:12","slug":"stjepan-kljuic-opet-uzburkao-duhove-i-porucio-zagreb-je-krvnik-bosanskih-hrvata","status":"publish","type":"post","link":"https:\/\/tvsensor.com\/clanak\/stjepan-kljuic-opet-uzburkao-duhove-i-porucio-zagreb-je-krvnik-bosanskih-hrvata\/","title":{"rendered":"Stjepan Kljui\u0107 opet uzburkao duhove i poru\u010dio: &#8220;Zagreb je krvnik bosanskih Hrvata&#8230;&#8221;"},"content":{"rendered":"\n<p>Vi\u0161egodi\u0161nji predsjednik Olimpijskog komiteta BiH i predsjednik Republikanske stranke&nbsp;<strong>Stjepan Kljui\u0107<\/strong>&nbsp;za N1 govorio o&nbsp;<strong>Danu dr\u017eavnosti i aktuelnim politi\u010dkim odnosima u zemlji i regiji<\/strong>.<\/p>\n\n\n\n<p>Kako je kazao, o&nbsp;<strong>Daytonu misli i\u0161to \u0161to i prije 25 godina &#8211; to je \u010din izdaje BiH.<\/strong><\/p>\n\n\n\n<p>&#8220;Prvo treba ista\u0107i da je ZAVNOBiH zna\u010dajan datum gdje je jedan pametan komunista napisao sadr\u017eaj Deklaracije koju su usvojili. Za mene, ZAVNOBiH je dobio najsna\u017eniju potvrdu na referendumu, glasalo je 64,7 posto gra\u0111ana BiH za nezavisnu dr\u017eavu svih nacionalnosti iako se nije moglo glasati u \u0160ekovi\u0107ima, \u0160ipovu, Drvaru&#8221;, kazao je i dodao: Bilo je slu\u010dajeva kao u Prnjavoru i Trebinju, gdje su vlasti pustile da se glasa, pa im htjeli uzeti rezultate.&#8221;<\/p>\n\n\n\n<p>Zatim je komentirao sljede\u0107e:<\/p>\n\n\n\n<p>&#8220;Kada uzmete taj rezultat danas u Evropi, to je impozantno. Bez obzira na to \u0161to neki ka\u017eu da je to referendum dva naroda, to nije istina. Glasao je i veliki broj Srba za takvu dr\u017eavu. Postojala je sintagma &#8220;unutarnji i vanjski neprijatelj&#8221;. Mi smo se oslobodili vanjskog, ali ostao je unutarnji. To je unazadilo BiH i dalo dva hendikepa&#8221;, kazao je Kljui\u0107 za&nbsp;<a href=\"http:\/\/ba.n1info.com\/Vijesti\/a489759\/Stjepan-Kljujic-za-N1-Zagreb-je-krvnik-bosanskih-Hrvata.html\">N1.<\/a><\/p>\n\n\n\n<h3 class=\"wp-block-heading\"><strong>Li\u010dno se ne osje\u0107a ugro\u017eeno<\/strong><\/h3>\n\n\n\n<p>&#8220;Ovi koji su na vlasti i ovi koji su ih zamijenili sada u Sarajevu, oni ni\u010dim ne mogu doprinijeti da se stvari normalizuju. Nacionalizam ne treba pobje\u0111ivati, nego marginalizirati. Mo\u017ee biti samo kada bude postojala ravnopravnost. Onog trenutka kad se uspostavi istinska ravnopravnost, onda nacionalizam ne\u0107e imati funkciju.&#8221;<\/p>\n\n\n\n<p>Ka\u017ee da se li\u010dno ne osje\u0107a ugro\u017eeno.<\/p>\n\n\n\n<p>&#8220;Ja se ne osje\u0107am ugro\u017eeno nikad, ni za vrijeme komunizma, kad su me izbacili na ulicu iz &#8216;Oslobo\u0111enja&#8217;. Ja sam dovoljno sna\u017ena li\u010dnost da se ne osje\u0107am ugro\u017eeno, ali mi je \u0161okantno kad vidim da su moji predstavnici ljudi koji to nisu, plus to zloupotrebljavaju.&#8221;<\/p>\n\n\n\n<p>&#8220;Sarajevo je izdalo BiH, nisu to Grude i Pale. To su mala mjesta sa malim rukovodiocima, koji su na svoj na\u010din platili glavom.&#8221;<\/p>\n\n\n\n<p>&#8220;Referendumska BiH je bila ponos, a onda je po\u010dela eliminacija, te ne valja im Jure Pelivan, Jerko Doko, pa Jovo Divjak, pa \u0160iber, a Mustafa Hajrulahovi\u0107 im najgori. Mi smo imali potencijal, ali on je permanentno udaljavan. Prirodnom smr\u0107u stotine ljudi je oti\u0161lo kako i prirodnim putem,&nbsp;<strong>s druge strane, mi nismo imali podlogu za transformaciju iz socijalizma u kapitalizam&#8221;, ka\u017ee Kljui\u0107.<\/strong><\/p>\n\n\n\n<p>Dodaje da su neke dr\u017eave imale sindikate.<\/p>\n\n\n\n<p>&#8220;Poljaci su imali sindikat, \u010cesi Klub 77, mi smo imali neku organizaciju koja je bila kvislin\u0161ka i raspala se. \u010cak i omladinci koji su po\u010deli da rade kao liberali&#8221;.<\/p>\n\n\n\n<h3 class=\"wp-block-heading\">Detalj iz 1992. o sastanku Bobana i Karad\u017ei\u0107a<\/h3>\n\n\n\n<p>&#8220;<strong>Zagreb je krvnik bosanskih Hrvata. Oni su sru\u0161ili HDZ koji je bio proevropski i doveli Bobana, Prli\u0107a, Tutu, \u0160telu i druge.<\/strong>&nbsp;Najsramnije je da su sa Milo\u0161evi\u0107em dogovarali podjelu BiH, a onda u Ustav svoj uveli da imaju brigu o nama kao da smo maloljetni. Ja sam imao bolji tim od Tu\u0111mana&#8221;, kazao je kao komentar na govore \u010covi\u0107a i Dodika na sjendici UN-a.<\/p>\n\n\n\n<p><strong>Ispri\u010dao je detalj iz 1992. o sastanku Bobana i Karad\u017ei\u0107a.<\/strong><\/p>\n\n\n\n<p>&#8220;<strong>Dvanaestog maja 1992. u Grazu su odr\u017eali sastanak Boban i Karad\u017ei\u0107<\/strong>&nbsp;na ni\u017eem nivou kao da se Zagreb brine o nama kao da smo hendikepirani. Ovi drugi su pokrali BiH i mogu da rade \u0161ta ho\u0107e. Morate znati da je BiH pokradena metodom uni\u0161tenja. Sarajevo je bilo evropski grad poslije OI-ja sa firmama koje su djelovale po cijelom svijetu.&#8221;<\/p>\n\n\n\n<p>&#8220;Ne samo \u0161to su rasformirali te firme nego i ru\u0161e zgrade. Tako danas omladina ne zna \u0161ta je &#8216;Energoinvest&#8217;, &#8216;Vranica&#8217;. To je ne\u0161to \u0161to je klju\u010dno za BiH. Oni koju su preuzeli vlast su bili siroma\u0161ni i odjednom po\u010dinju krast i postaju milioneri. Nasuprot njima, broj sirotinje se pove\u0107ava. Kad vidite starce sa \u0161tapovima na tri noge, onda hendikepirane, kada vidite tugu BiH bez doma za starce i nezbrinutu djecu.&#8221;<\/p>\n\n\n\n<p>&#8220;O Daytonu mislim isto ko i prije 25 godina. To je \u010din izdaje BiH, a Zagreb je prodao Hrvate.&nbsp;<strong>Tu\u0111man oficir \u0161to je obe\u0107ao Milo\u0161evi\u0107u. Dayton jeste zaustavio rat, ali je uni\u0161tio budu\u0107nost BiH&#8221;, kazao je za Kljui\u0107 za N1.<\/strong><\/p>\n","protected":false},"excerpt":{"rendered":"<p>Vi\u0161egodi\u0161nji predsjednik Olimpijskog komiteta BiH i predsjednik Republikanske stranke&nbsp;Stjepan Kljui\u0107&nbsp;za N1 govorio o&nbsp;Danu dr\u017eavnosti i aktuelnim politi\u010dkim odnosima u zemlji i regiji. Kako je kazao, o&nbsp;Daytonu misli i\u0161to \u0161to i prije 25 godina &#8211; to je \u010din izdaje BiH. &#8220;Prvo treba ista\u0107i da je ZAVNOBiH zna\u010dajan datum gdje je jedan pametan komunista napisao sadr\u017eaj Deklaracije [&hellip;]<\/p>\n","protected":false},"author":59,"featured_media":19601,"comment_status":"closed","ping_status":"closed","sticky":false,"template":"","format":"standard","meta":{"inline_featured_image":false,"footnotes":""},"categories":[234,37,38],"tags":[],"class_list":{"0":"post-19600","1":"post","2":"type-post","3":"status-publish","4":"format-standard","5":"has-post-thumbnail","7":"category-politika","8":"category-vijesti","9":"category-vijesti-iz-bih"},"acf":[],"_links":{"self":[{"href":"https:\/\/tvsensor.com\/api\/wp\/v2\/posts\/19600","targetHints":{"allow":["GET"]}}],"collection":[{"href":"https:\/\/tvsensor.com\/api\/wp\/v2\/posts"}],"about":[{"href":"https:\/\/tvsensor.com\/api\/wp\/v2\/types\/post"}],"author":[{"embeddable":true,"href":"https:\/\/tvsensor.com\/api\/wp\/v2\/users\/59"}],"replies":[{"embeddable":true,"href":"https:\/\/tvsensor.com\/api\/wp\/v2\/comments?post=19600"}],"version-history":[{"count":1,"href":"https:\/\/tvsensor.com\/api\/wp\/v2\/posts\/19600\/revisions"}],"predecessor-version":[{"id":19602,"href":"https:\/\/tvsensor.com\/api\/wp\/v2\/posts\/19600\/revisions\/19602"}],"wp:featuredmedia":[{"embeddable":true,"href":"https:\/\/tvsensor.com\/api\/wp\/v2\/media\/19601"}],"wp:attachment":[{"href":"https:\/\/tvsensor.com\/api\/wp\/v2\/media?parent=19600"}],"wp:term":[{"taxonomy":"category","embeddable":true,"href":"https:\/\/tvsensor.com\/api\/wp\/v2\/categories?post=19600"},{"taxonomy":"post_tag","embeddable":true,"href":"https:\/\/tvsensor.com\/api\/wp\/v2\/tags?post=19600"}],"curies":[{"name":"wp","href":"https:\/\/api.w.org\/{rel}","templated":true}]}}