{"id":19589,"date":"2020-11-25T11:02:43","date_gmt":"2020-11-25T10:02:43","guid":{"rendered":"https:\/\/senzor.ba\/?p=19589"},"modified":"2024-01-15T21:42:12","modified_gmt":"2024-01-15T20:42:12","slug":"i-danas-se-borimo-za-ravnopravnost-ljudi-u-bih","status":"publish","type":"post","link":"https:\/\/tvsensor.com\/clanak\/i-danas-se-borimo-za-ravnopravnost-ljudi-u-bih\/","title":{"rendered":"I danas se borimo za ravnopravnost ljudi u BiH"},"content":{"rendered":"\n<p><strong>Nakon Vje\u010dne vatre, brojne delegacije polo\u017eile su cvije\u0107e i na spomen-obilje\u017eju djeci Sarajeva.<\/strong><\/p>\n\n\n\n<p>\u010clan Predsjedni\u0161tva \u0160efik D\u017eaferovi\u0107, povodom Dana dr\u017eavnosti rekao je da na dana\u0161nji dan 1943. godine BiH je obnovila svoju dr\u017eavnost, potvrdila svoj multietni\u010dki karakter i promovirala i potvrdila princip ravnopravnosti svih ljudi koji \u017eive u ovoj zemlji bez obzira gdje oni \u017eivjeli.<\/p>\n\n\n\n<p>Dodao je kako se \u201ci danas borimo za ravnopravnost ljudi u BiH\u201d.<\/p>\n\n\n\n<figure class=\"wp-block-image\"><img decoding=\"async\" src=\"https:\/\/static.hayat.ba\/2020\/11\/polaganje-cvijeca-djeci-opkoljenog-spomenika-1024x768.jpg\" alt=\"\" class=\"wp-image-298794\"\/><\/figure>\n\n\n\n<ul class=\"wp-block-list\"><li>I danas se borimo sa snagama koje imaju otpora prema tome da izgradimo dr\u017eavu koja \u0107e funkcionirati u jedinstvu razli\u010ditosti, da svako bude ono \u0161to jeste i da skupa gradimo i \u010duvamo na\u0161u domovinu BiH. Ali, ja im i ovom prilikom, tim retrogradnim snagama, poru\u010dujem da \u0107emo mi uspjeti jer ovo \u0161to mi radimo je civilizacijski put, ono \u0161to rade te retrogradne snage, a rade na podjelama svih mogu\u0107ih vrsta, to su anticivilizacijski postupci i to nikada ne\u0107e mo\u0107i pro\u0107i \u2013 rekao je D\u017eaferovi\u0107.<\/li><\/ul>\n\n\n\n<p>Dodao je kako \u201csmo imali priliku i sino\u0107 tome svjedo\u010diti u Vije\u0107u sigurnosti Ujedinjenih nacija\u201d.<\/p>\n\n\n\n<figure class=\"wp-block-image\"><img decoding=\"async\" src=\"https:\/\/static.hayat.ba\/2020\/11\/polaganje-cvijeca-djeci-opkoljenog-spomenika2-1024x768.jpg\" alt=\"\" class=\"wp-image-298792\"\/><\/figure>\n\n\n\n<ul class=\"wp-block-list\"><li>Sino\u0107 je svijet jo\u0161 jednom mogao da vidi s kakvim retrogradnim snagama se mi nosimo u BiH. Sino\u0107nja rasprava i poruke koje su dale \u010dlanice Savjeta sigurnosti preko svojih ambasadora su poruke stabilnosti, mira, izgradnje jedne normalne, funkcionalne dr\u017eave, jednog civilizacijskog puta kojim mi idemo \u2013 rekao je D\u017eaferovi\u0107.<\/li><\/ul>\n\n\n\n<p>D\u017eaferovi\u0107 je uvjeren da \u0107e do\u0107i dan \u201dkada \u0107e sva tri \u010dlana Predsjedni\u0161tva odati po\u0161tovanje i 25. novembru i svemu onome \u0161to 25 . novembar simbolizira kada je u pitanju BiH\u201c.<\/p>\n\n\n\n<ul class=\"wp-block-list\"><li>Ovo \u0161to danas radi Dodik, ili \u0161to rade politi\u010dari iz RS-a, to je ustvari jedno protivzakonito postupanje jer 25. novembar, 1. mart su dr\u017eavni praznici BiH. To je jasna stvar. To je i prije nekoliko godina potvrdio Ustavni sud i to po apelaciji grupe zastupnika iz Skup\u0161tine Republike Srpske. To je neupitna stvar, to priznaje cijeli svijet \u2013 rekao je D\u017eaferovi\u0107.<\/li><\/ul>\n\n\n\n<figure class=\"wp-block-image\"><img decoding=\"async\" src=\"https:\/\/static.hayat.ba\/2020\/11\/polaganje-cvijeca-djeci-opkoljenog-spomenika3-1024x768.jpg\" alt=\"\" class=\"wp-image-298791\"\/><\/figure>\n\n\n\n<p>Dodao je kako su \u010destitke dobili od mnogih dr\u017eavnika.<\/p>\n\n\n\n<ul class=\"wp-block-list\"><li>Stvari moraju normalno krenuti u ovoj zemlji. Borit \u0107emo se. Ne\u0107emo odustati dok to tako ne bude \u2013 poru\u010dio je D\u017eaferovi\u0107.<\/li><\/ul>\n\n\n\n<figure class=\"wp-block-embed-youtube wp-block-embed is-type-video is-provider-youtube wp-embed-aspect-16-9 wp-has-aspect-ratio\"><div class=\"wp-block-embed__wrapper\">\n<iframe loading=\"lazy\" title=\"POLO\u017dENO CVIJE\u0106E I NA SPOMEN-OBILJE\u017dJU DJECI SARAJEVA\" width=\"696\" height=\"392\" src=\"https:\/\/www.youtube.com\/embed\/HfW-6uw6PMY?feature=oembed&#038;enablejsapi=1\" frameborder=\"0\" allow=\"accelerometer; autoplay; clipboard-write; encrypted-media; gyroscope; picture-in-picture\" allowfullscreen><\/iframe>\n<\/div><\/figure>\n\n\n\n<p>Hayat.ba<\/p>\n","protected":false},"excerpt":{"rendered":"<p>Nakon Vje\u010dne vatre, brojne delegacije polo\u017eile su cvije\u0107e i na spomen-obilje\u017eju djeci Sarajeva. \u010clan Predsjedni\u0161tva \u0160efik D\u017eaferovi\u0107, povodom Dana dr\u017eavnosti rekao je da na dana\u0161nji dan 1943. godine BiH je obnovila svoju dr\u017eavnost, potvrdila svoj multietni\u010dki karakter i promovirala i potvrdila princip ravnopravnosti svih ljudi koji \u017eive u ovoj zemlji bez obzira gdje oni \u017eivjeli. [&hellip;]<\/p>\n","protected":false},"author":59,"featured_media":19591,"comment_status":"closed","ping_status":"closed","sticky":false,"template":"","format":"standard","meta":{"inline_featured_image":false,"footnotes":""},"categories":[37,38],"tags":[],"class_list":{"0":"post-19589","1":"post","2":"type-post","3":"status-publish","4":"format-standard","5":"has-post-thumbnail","7":"category-vijesti","8":"category-vijesti-iz-bih"},"acf":[],"_links":{"self":[{"href":"https:\/\/tvsensor.com\/api\/wp\/v2\/posts\/19589","targetHints":{"allow":["GET"]}}],"collection":[{"href":"https:\/\/tvsensor.com\/api\/wp\/v2\/posts"}],"about":[{"href":"https:\/\/tvsensor.com\/api\/wp\/v2\/types\/post"}],"author":[{"embeddable":true,"href":"https:\/\/tvsensor.com\/api\/wp\/v2\/users\/59"}],"replies":[{"embeddable":true,"href":"https:\/\/tvsensor.com\/api\/wp\/v2\/comments?post=19589"}],"version-history":[{"count":1,"href":"https:\/\/tvsensor.com\/api\/wp\/v2\/posts\/19589\/revisions"}],"predecessor-version":[{"id":19592,"href":"https:\/\/tvsensor.com\/api\/wp\/v2\/posts\/19589\/revisions\/19592"}],"wp:featuredmedia":[{"embeddable":true,"href":"https:\/\/tvsensor.com\/api\/wp\/v2\/media\/19591"}],"wp:attachment":[{"href":"https:\/\/tvsensor.com\/api\/wp\/v2\/media?parent=19589"}],"wp:term":[{"taxonomy":"category","embeddable":true,"href":"https:\/\/tvsensor.com\/api\/wp\/v2\/categories?post=19589"},{"taxonomy":"post_tag","embeddable":true,"href":"https:\/\/tvsensor.com\/api\/wp\/v2\/tags?post=19589"}],"curies":[{"name":"wp","href":"https:\/\/api.w.org\/{rel}","templated":true}]}}