{"id":19586,"date":"2020-11-25T10:26:03","date_gmt":"2020-11-25T09:26:03","guid":{"rendered":"https:\/\/senzor.ba\/?p=19586"},"modified":"2024-01-15T21:42:13","modified_gmt":"2024-01-15T20:42:13","slug":"potpuni-debakl-dodika-i-covica-pred-cijelim-svijetom-svjetske-sile-stale-uz-bosnu-i-hercegovinu","status":"publish","type":"post","link":"https:\/\/tvsensor.com\/clanak\/potpuni-debakl-dodika-i-covica-pred-cijelim-svijetom-svjetske-sile-stale-uz-bosnu-i-hercegovinu\/","title":{"rendered":"Potpuni debakl Dodika i \u010covi\u0107a pred cijelim svijetom: Svjetske sile stale uz Bosnu i Hercegovinu"},"content":{"rendered":"\n<p>Ju\u010dera\u0161nji nastup Dragana \u010covi\u0107a i pogotovo Milorada Dodika pred ambasadorima dr\u017eava \u010dlanica Vije\u0107a sigurnosti Ujedinjenih nacija za spomenuti dvojac zavr\u0161io je debaklom.<\/p>\n\n\n\n<p>Nakon uvodnog izlaganja Valentina Inzka, u kojem je pred svim ambasadorima, izme\u0111u ostalog, Miloradu Dodiku i Draganu \u010covi\u0107u poru\u010dio da se pona\u0161aju neevropski te da spomenik Karad\u017ei\u0107u i mise zadu\u0161nice (za Bleiburg) nisu evropske vrijednosti, lideri HDZ-a i SNSD-a su burno reagirali.<\/p>\n\n\n\n<p>Prvo je \u010covi\u0107 Inzkove izvje\u0161taje nazvao manjkavim, povr\u0161nim i nepotpunim, a onda je krenulo skandalozno obra\u0107anje Dodika, puno uvreda i govora mr\u017enje, a po\u0161te\u0111eni nisu bili ni mrtvi, \u0161to je posebno \u0161okiralo svjetske zvani\u010dnike. Osim uvreda, Dodik je pred svjetskim silama izgovorio i da \u0107e \u201crazmotriri\u201d po\u010detak integracije RS-a sa mati\u010dnom zemljom Srbijom.<\/p>\n\n\n\n<p>Za navedeno su, pogotovo Dodik, dobili pravi diplomatski \u0161amar cijelog svijeta, izuzev Rusije.<\/p>\n\n\n\n<p>Sjedinjene Ameri\u010dke Dr\u017eave, Njema\u010dka, Austrija, Velika Britanija, Francuska, Belgija\u2026 o\u0161tro su osudile jezik i stavove Milorada Dodika i istovremeno pru\u017eile sna\u017enu podr\u0161ku Uredu visokog predstavnika u BiH (OHR) i li\u010dno visokom predstavniku Valentinu Inzku. Velika Britanija, Belgija i Francuska prozvale su Rusiju \u0161to nije pozvala \u010dlanove Predsjedni\u0161tva BiH kao najvi\u0161e izabrane demokratske predstavnike, \u010dime su dale za pravo odluci Bakira Izetbegovi\u0107a da odbije sastanak. Francuska je u tom kontekstu naglasila da se moraju ja\u010dati, a ne slabiti institucije BiH.<\/p>\n\n\n\n<p>Sve navedene zemlje osudile su praksu veli\u010danja ratnih zlo\u010dinaca, negiranja genocida u Srebenici i historijskog revizionizma.<\/p>\n\n\n\n<p>Njema\u010dka je uputila sna\u017enu podr\u0161ku radu Ustavnog suda te pozvala na osiguravanje ravnopravnosti gra\u0111ana u kontekstu izborne reforme.<\/p>\n\n\n\n<p>G\u00fcnter Sautter, zamjenik stalnog njema\u010dkog predstavnika u UN-u podr\u017eao je Inzka, ali i osudio uvrede koje je na njegov ra\u010dun iznio Dodik. Sautter isti\u010de kako je smatrao da \u0107e ovaj sastanak otvoriti mogu\u0107nost za dijalog o situaciji u BiH, ali je slu\u0161ao jako dug monolog, pun personalnih napada na Inzka.<\/p>\n\n\n\n<p>\u2013 Mislim da ovo nije na\u010din na koji Vije\u0107e sigurnosti treba razgovarati \u2013 ocijenio je Sautter te direktno uputio pitanje Dodiku \u2013 \u0161ta \u0107e u\u010diniti da se obustavi praksa slavljenja ratnih zlo\u010dinaca?<\/p>\n\n\n\n<p>Sautter je zahvalio visokom predstavniku, najavio daljnju podr\u0161ku njemu i njegovom Uredu, podr\u017eao rad Ustavnog suda BiH i me\u0111unarodne sudije te upozorio kako se verbalni napadi i neprimjeren jezik protiv suda ne smiju tolerisati. Istaknuo je da je posve\u0107enost me\u0111unarodne zajednice bitna naro\u010dito nakon izlaganja Dodika te da zbog toga upravo treba istrajati na posve\u0107enosti teritorijalnom integritetu BiH kao suverene dr\u017eave.<\/p>\n\n\n\n<p>I Richard Mills, ameri\u010dki ambasador pri UN-u, ocjenio je da je institucija Ureda visokog predstavnika bitna u BiH.<\/p>\n\n\n\n<p>\u2013 Inzko je potreban toj dr\u017eavi u smislu odr\u017eavanja mira i dono\u0161enja bitnih odluka. Sna\u017eno podr\u017eavamo postojanje te institucije i mislim da bi se trebala preispitati ta odluka koju Dodik spominje, da je pet naspram dva glasa da Inzko ide iz BiH \u2013 kazao je Mills i dodao:<\/p>\n\n\n\n<p>\u2013 \u017dalosno je \u0161to dana\u0161nja rasprava nije zami\u0161ljena i strukturirana na na\u010din koji je omogu\u0107io da se \u010duju i uvrste glasovi svih sudionika. \u010cuo sam va\u0161e uvodne komentare, Vasilij (ruski ambasador), ali bo\u0161nja\u010dko u\u010de\u0161\u0107e i uklju\u010divanje u politi\u010dki dijalog od presudne je va\u017enosti za stabilnu i prosperitetnu budu\u0107nost zemlje \u2013 rekao je.<\/p>\n\n\n\n<p>Sonia Farrey, predstavnica Velike Britanije pri UN-u, izrazila je bezrezervnu podr\u0161ku OHR-u te dodala da se ta institucija mora odr\u017eati u Bosni i Hercegovini, pi\u0161u Vijesti.ba.<\/p>\n\n\n\n<p>\u2013 Osu\u0111ujem verbalni napad Milorada Dodika i ruski ambasador je zaista trebao pozvati \u010dlanove Predsjedni\u0161tva BiH, umjesto politi\u010dkih lidera i upravo je posljedica toga govor Dodika, kojem smo svi svjedo\u010dili. Tako\u0111er, ni u kojem slu\u010daju ne podr\u017eavam veli\u010danje ratnih zlo\u010dinaca \u2013 kazala je Farrey.<\/p>\n\n\n\n<p>Francuska predstavnica pri UN-u tako\u0111er je bila istog mi\u0161ljenja, pru\u017eiv\u0161i podr\u0161ku Bosni i Hercegovini, navela je da podr\u017eava i Inzka i osu\u0111uje veli\u010danje ratnih zlo\u010dina.<\/p>\n\n\n\n<p>Ambasador Austrije pri UN-u je poentirao: \u201cOvaj sastanak je dobar podsjetnik za\u0161to me\u0111unarodna zajednica mora ostati u BiH!\u201d<\/p>\n\n\n\n<p>(SB)<\/p>\n","protected":false},"excerpt":{"rendered":"<p>Ju\u010dera\u0161nji nastup Dragana \u010covi\u0107a i pogotovo Milorada Dodika pred ambasadorima dr\u017eava \u010dlanica Vije\u0107a sigurnosti Ujedinjenih nacija za spomenuti dvojac zavr\u0161io je debaklom. Nakon uvodnog izlaganja Valentina Inzka, u kojem je pred svim ambasadorima, izme\u0111u ostalog, Miloradu Dodiku i Draganu \u010covi\u0107u poru\u010dio da se pona\u0161aju neevropski te da spomenik Karad\u017ei\u0107u i mise zadu\u0161nice (za Bleiburg) nisu [&hellip;]<\/p>\n","protected":false},"author":59,"featured_media":19587,"comment_status":"closed","ping_status":"closed","sticky":false,"template":"","format":"standard","meta":{"inline_featured_image":false,"footnotes":""},"categories":[234,37,38],"tags":[],"class_list":{"0":"post-19586","1":"post","2":"type-post","3":"status-publish","4":"format-standard","5":"has-post-thumbnail","7":"category-politika","8":"category-vijesti","9":"category-vijesti-iz-bih"},"acf":[],"_links":{"self":[{"href":"https:\/\/tvsensor.com\/api\/wp\/v2\/posts\/19586","targetHints":{"allow":["GET"]}}],"collection":[{"href":"https:\/\/tvsensor.com\/api\/wp\/v2\/posts"}],"about":[{"href":"https:\/\/tvsensor.com\/api\/wp\/v2\/types\/post"}],"author":[{"embeddable":true,"href":"https:\/\/tvsensor.com\/api\/wp\/v2\/users\/59"}],"replies":[{"embeddable":true,"href":"https:\/\/tvsensor.com\/api\/wp\/v2\/comments?post=19586"}],"version-history":[{"count":1,"href":"https:\/\/tvsensor.com\/api\/wp\/v2\/posts\/19586\/revisions"}],"predecessor-version":[{"id":19588,"href":"https:\/\/tvsensor.com\/api\/wp\/v2\/posts\/19586\/revisions\/19588"}],"wp:featuredmedia":[{"embeddable":true,"href":"https:\/\/tvsensor.com\/api\/wp\/v2\/media\/19587"}],"wp:attachment":[{"href":"https:\/\/tvsensor.com\/api\/wp\/v2\/media?parent=19586"}],"wp:term":[{"taxonomy":"category","embeddable":true,"href":"https:\/\/tvsensor.com\/api\/wp\/v2\/categories?post=19586"},{"taxonomy":"post_tag","embeddable":true,"href":"https:\/\/tvsensor.com\/api\/wp\/v2\/tags?post=19586"}],"curies":[{"name":"wp","href":"https:\/\/api.w.org\/{rel}","templated":true}]}}