{"id":19579,"date":"2020-11-25T10:18:32","date_gmt":"2020-11-25T09:18:32","guid":{"rendered":"https:\/\/senzor.ba\/?p=19579"},"modified":"2024-01-15T21:42:13","modified_gmt":"2024-01-15T20:42:13","slug":"predstavnici-svih-nivoa-vlasti-polozili-cvijece-ispred-vjecne-vatre","status":"publish","type":"post","link":"https:\/\/tvsensor.com\/clanak\/predstavnici-svih-nivoa-vlasti-polozili-cvijece-ispred-vjecne-vatre\/","title":{"rendered":"Predstavnici svih nivoa vlasti polo\u017eili cvije\u0107e ispred Vje\u010dne vatre"},"content":{"rendered":"\n<p><strong>Brojne delegacije polo\u017eile su danas cvije\u0107e ispred spomen-obilje\u017eja Vje\u010dna vatra u Sarajevu povodom obilje\u017eavanja 25. novembra, Dana dr\u017eavnosti Bosne i Hercegovine.<\/strong><\/p>\n\n\n\n<p>Izme\u0111u ostalih, cvije\u0107e su polo\u017eili \u010dlanovi Predsjedni\u0161tva Bosne i Hercegovine \u0160efik D\u017eaferovi\u0107 i \u017deljko Kom\u0161i\u0107, zamjenik predsjedavaju\u0107eg Doma naroda Parlamentarne skup\u0161tine BiH Bakir Izetbegovi\u0107, ministar odbrane BiH Senad Ma\u0161ovi\u0107, kao i premijer Kantona Sarajevo Mario Nenadi\u0107 te delagacija Kantona, gradona\u010delnik Sarajeva Abdulah Skaka\u2026<\/p>\n\n\n\n<figure class=\"wp-block-image\"><img decoding=\"async\" src=\"https:\/\/static.hayat.ba\/2020\/11\/vjecna-vatra-dan-drzavnosti-cvijece1.jpg\" alt=\"\" class=\"wp-image-298765\"\/><\/figure>\n\n\n\n<ul class=\"wp-block-list\"><li>Ljudi moraju da po\u0161tuju ovaj datum. Bez obzira na to \u0161to dobar dio politi\u010dkih opcija negira ovaj datum kao zna\u010dajan dan u historiji BiH. U 25. novembru nema ni\u0161ta lo\u0161e. Zna\u010dajno je da ljudi u Sarajevu pridaju va\u017enost dana\u0161njem danu \u2013 rekao je Kom\u0161i\u0107.<\/li><\/ul>\n\n\n\n<p><\/p>\n","protected":false},"excerpt":{"rendered":"<p>Brojne delegacije polo\u017eile su danas cvije\u0107e ispred spomen-obilje\u017eja Vje\u010dna vatra u Sarajevu povodom obilje\u017eavanja 25. novembra, Dana dr\u017eavnosti Bosne i Hercegovine. Izme\u0111u ostalih, cvije\u0107e su polo\u017eili \u010dlanovi Predsjedni\u0161tva Bosne i Hercegovine \u0160efik D\u017eaferovi\u0107 i \u017deljko Kom\u0161i\u0107, zamjenik predsjedavaju\u0107eg Doma naroda Parlamentarne skup\u0161tine BiH Bakir Izetbegovi\u0107, ministar odbrane BiH Senad Ma\u0161ovi\u0107, kao i premijer Kantona Sarajevo [&hellip;]<\/p>\n","protected":false},"author":59,"featured_media":19580,"comment_status":"closed","ping_status":"closed","sticky":false,"template":"","format":"standard","meta":{"inline_featured_image":false,"footnotes":""},"categories":[37,38],"tags":[],"class_list":{"0":"post-19579","1":"post","2":"type-post","3":"status-publish","4":"format-standard","5":"has-post-thumbnail","7":"category-vijesti","8":"category-vijesti-iz-bih"},"acf":[],"_links":{"self":[{"href":"https:\/\/tvsensor.com\/api\/wp\/v2\/posts\/19579","targetHints":{"allow":["GET"]}}],"collection":[{"href":"https:\/\/tvsensor.com\/api\/wp\/v2\/posts"}],"about":[{"href":"https:\/\/tvsensor.com\/api\/wp\/v2\/types\/post"}],"author":[{"embeddable":true,"href":"https:\/\/tvsensor.com\/api\/wp\/v2\/users\/59"}],"replies":[{"embeddable":true,"href":"https:\/\/tvsensor.com\/api\/wp\/v2\/comments?post=19579"}],"version-history":[{"count":1,"href":"https:\/\/tvsensor.com\/api\/wp\/v2\/posts\/19579\/revisions"}],"predecessor-version":[{"id":19581,"href":"https:\/\/tvsensor.com\/api\/wp\/v2\/posts\/19579\/revisions\/19581"}],"wp:featuredmedia":[{"embeddable":true,"href":"https:\/\/tvsensor.com\/api\/wp\/v2\/media\/19580"}],"wp:attachment":[{"href":"https:\/\/tvsensor.com\/api\/wp\/v2\/media?parent=19579"}],"wp:term":[{"taxonomy":"category","embeddable":true,"href":"https:\/\/tvsensor.com\/api\/wp\/v2\/categories?post=19579"},{"taxonomy":"post_tag","embeddable":true,"href":"https:\/\/tvsensor.com\/api\/wp\/v2\/tags?post=19579"}],"curies":[{"name":"wp","href":"https:\/\/api.w.org\/{rel}","templated":true}]}}