{"id":19575,"date":"2020-11-25T10:15:10","date_gmt":"2020-11-25T09:15:10","guid":{"rendered":"https:\/\/senzor.ba\/?p=19575"},"modified":"2024-01-15T21:42:13","modified_gmt":"2024-01-15T20:42:13","slug":"kraljic-sretni-smo-da-imamo-priliku-izvoziti-nase-tradicionalne-proizvode-i-mirise-bosne-i-hercegovine","status":"publish","type":"post","link":"https:\/\/tvsensor.com\/clanak\/kraljic-sretni-smo-da-imamo-priliku-izvoziti-nase-tradicionalne-proizvode-i-mirise-bosne-i-hercegovine\/","title":{"rendered":"Kralji\u0107: Sretni smo da imamo priliku izvoziti na\u0161e tradicionalne proizvode i mirise Bosne i Hercegovine"},"content":{"rendered":"\n<p><strong>Zastava Bosne i Hercegovine je posebna jer ple\u0161e sa vjetrom predstavljaju\u0107i \u017eivot koji se neprestano kre\u0107e a \u017eivota i ploda nikada u na\u0161oj zemlji nije nedostajalo.<\/strong><\/p>\n\n\n\n<p>I u ovakvim danima uvijek se ve\u017eemo za one istinske vrijednosti koje su simbol&nbsp; na\u0161eg identiteta na\u0161e tradicije, kulture \u017eivljenja, na\u0161ih obi\u010daja.<\/p>\n\n\n\n<p>Mali\u0161ani iz Kids Landa bili su u studiju Hayat TV-a povodom Dana dr\u017eavnosti Bosne i Hercegovine i ovo je prizor kojim se ponosimo na na\u0161 praznik&nbsp; i sve ono \u0161to Bosna i Hercegovina jeste.<\/p>\n","protected":false},"excerpt":{"rendered":"<p>Zastava Bosne i Hercegovine je posebna jer ple\u0161e sa vjetrom predstavljaju\u0107i \u017eivot koji se neprestano kre\u0107e a \u017eivota i ploda nikada u na\u0161oj zemlji nije nedostajalo. I u ovakvim danima uvijek se ve\u017eemo za one istinske vrijednosti koje su simbol&nbsp; na\u0161eg identiteta na\u0161e tradicije, kulture \u017eivljenja, na\u0161ih obi\u010daja. Mali\u0161ani iz Kids Landa bili su u [&hellip;]<\/p>\n","protected":false},"author":59,"featured_media":28045,"comment_status":"closed","ping_status":"closed","sticky":false,"template":"","format":"video","meta":{"inline_featured_image":false,"footnotes":""},"categories":[1245,69,72],"tags":[],"class_list":{"0":"post-19575","1":"post","2":"type-post","3":"status-publish","4":"format-video","5":"has-post-thumbnail","7":"category-historija-video-galerija","8":"category-ponos-bih","9":"category-video-galerija","10":"post_format-post-format-video"},"acf":[],"_links":{"self":[{"href":"https:\/\/tvsensor.com\/api\/wp\/v2\/posts\/19575","targetHints":{"allow":["GET"]}}],"collection":[{"href":"https:\/\/tvsensor.com\/api\/wp\/v2\/posts"}],"about":[{"href":"https:\/\/tvsensor.com\/api\/wp\/v2\/types\/post"}],"author":[{"embeddable":true,"href":"https:\/\/tvsensor.com\/api\/wp\/v2\/users\/59"}],"replies":[{"embeddable":true,"href":"https:\/\/tvsensor.com\/api\/wp\/v2\/comments?post=19575"}],"version-history":[{"count":3,"href":"https:\/\/tvsensor.com\/api\/wp\/v2\/posts\/19575\/revisions"}],"predecessor-version":[{"id":28044,"href":"https:\/\/tvsensor.com\/api\/wp\/v2\/posts\/19575\/revisions\/28044"}],"wp:featuredmedia":[{"embeddable":true,"href":"https:\/\/tvsensor.com\/api\/wp\/v2\/media\/28045"}],"wp:attachment":[{"href":"https:\/\/tvsensor.com\/api\/wp\/v2\/media?parent=19575"}],"wp:term":[{"taxonomy":"category","embeddable":true,"href":"https:\/\/tvsensor.com\/api\/wp\/v2\/categories?post=19575"},{"taxonomy":"post_tag","embeddable":true,"href":"https:\/\/tvsensor.com\/api\/wp\/v2\/tags?post=19575"}],"curies":[{"name":"wp","href":"https:\/\/api.w.org\/{rel}","templated":true}]}}