{"id":19571,"date":"2020-11-25T10:07:06","date_gmt":"2020-11-25T09:07:06","guid":{"rendered":"https:\/\/senzor.ba\/?p=19571"},"modified":"2024-01-15T21:42:13","modified_gmt":"2024-01-15T20:42:13","slug":"gradjani-kanade-uputili-cestitku-bosni-i-hercegovini-za-dan-drzavnosti","status":"publish","type":"post","link":"https:\/\/tvsensor.com\/clanak\/gradjani-kanade-uputili-cestitku-bosni-i-hercegovini-za-dan-drzavnosti\/","title":{"rendered":"Gra\u0111ani Kanade uputili \u010destitku Bosni i Hercegovini za Dan dr\u017eavnosti"},"content":{"rendered":"\n<p><strong>Institut za istra\u017eivanje genocida Kanada prenio je gra\u0111anima BiH \u010destitike zvani\u010dnika i gra\u0111ana Kanade povodom Dana dr\u017eavnosti BiH. Iz IGK isti\u010du tradicionalnu kanadsku opredijeljenost za podr\u0161ku dr\u017eavi BiH.<\/strong><\/p>\n\n\n\n<p>Tradicionalno, ve\u0107 petu godinu, u znak po\u010dasti dr\u017eavi BiH povodom Dana dr\u017eavnosti na zgradi Skup\u0161tine grada Hamiltona podignuta je zastava BiH. Tako\u0111er, na velikom elektronskom ekranu ispred Skup\u0161tine Hamiltona pi\u0161e: Sretan 25. novembar Dan dr\u017eavnosti BiH, a historijski simbol ovog grada je osvijetljen \u017eutom i plavom bojom, bojama zastave BiH.<\/p>\n\n\n\n<p>Bob Bratina \u010dlan Kanadskog parlamenta je tradicionalno \u010destitao Dan dr\u017eavnosti BiH. Izme\u0111u ostalog je napisao: \u201d Me\u0111u vi\u0161e stotina razli\u010ditih nacionalnih grupa u divnoj raznolikosti Kanade su stanovnici \u010dije su porodice nastale na historijskom mjestu \u0161to se zove BiH. 25. novembar se obilje\u017eava u Kanadi i \u0161irom svijeta. To je dan kada je BiH postigla savremenu dr\u017eavnost. Njena istinska historija vjekovima svjedo\u0107i istaknutu tradiciju, susret i mje\u0161anje razli\u010ditih civilizacija i kultura, umjetnosti, muzike, knji\u017eevnosti i, naravno, kuhinje. Bosanska dr\u017eavnost je sada ukorjenjena u zakon, uz sve prate\u0107e politi\u010dke i dru\u0161tvene aspekte moderne nacije. Veoma sam ponosan \u0161to politi\u010dki predstavljam Bosance \u010dija raznolikost mnogo oboga\u010duje stanovnike Hamiltona i Kanade, a \u010dija je li\u010dna historija zapo\u010dela u BiH\u201d.<\/p>\n\n\n\n<figure class=\"wp-block-image\"><img decoding=\"async\" src=\"https:\/\/static.hayat.ba\/2020\/11\/hamilton-kanada.jpg\" alt=\"\" class=\"wp-image-298770\"\/><\/figure>\n\n\n\n<p>Tradicionalno gradona\u010delnik Hamiltona \u010destita Dan dr\u017eavnosti BiH. U ovogodi\u0161njoj \u010destitki gradona\u010delnik je izme\u0111u ostalog napisao: \u201cZadovoljstvo mi je pozdraviti bosansku zajednicu u Hamiltonu na Dan dr\u017eavnosti u BiH. Na dana\u0161nji dan obilje\u017eava se godi\u0161njica progla\u0161enja volje naroda BiH da ona bude dr\u017eava. BiH je danas stub demokratije i slobode na Balkanu. To je primjer zajedni\u010dkog rada u miru. Mnogima ostaje primjer onoga \u0161to je mogu\u0107e kada se radi zajedno. Zahvalni smo na kontinuiranom doprinosu gra\u0111ana BiH kulturnoj raznolikosti Hamiltona. Ponosni smo \u0161to su gra\u0111ani BiH u Hamiltonu prona\u0161li mjesto za svoj poziv, svoju ku\u0107u, \u017eivot u slobodi i podizanje svoje porodice\u201d.<\/p>\n\n\n\n<figure class=\"wp-block-image\"><img decoding=\"async\" src=\"https:\/\/static.hayat.ba\/2020\/11\/hamilton-kanada-01.jpg\" alt=\"\" class=\"wp-image-298771\"\/><\/figure>\n\n\n\n<p>Na dana\u0161nji dan Zemaljsko antifa\u0161isti\u010dko vije\u0107e narodnog oslobo\u0111enja Bosne i Hercegovine (ZAVNOBiH) na svom Prvom zasjedanju, u Mrkonji\u0107 Gradu, udario je temelje dana\u0161nje dr\u017eave BiH. U Rezoluciji ZAVNOBiH-a i Proglasu upu\u0107enom narodu, nagla\u0161ena je odlu\u010dnost da BiH bude zbratimljena zajednica u kojoj \u0107e biti osigurana puna ravnopravnost svih naroda i gra\u0111ana.<\/p>\n\n\n\n<p>Delagati ZAVNOBiH-a su u jeku Drugog svjetskog rata, imali vi\u0161e osje\u0107aja i razumijevanja vi\u0161estoljetne bosanskohercegova\u010dke historije, kulture i tradicije, negoli predstavnici dana\u0161nje vlasti. \u017dalosna je \u010dinjenica da se vlasti dr\u017eave BiH jo\u0161 uvijek nisu u stanju dogovoriti niti oko dr\u017eavnih praznika, pa se tako i dana\u0161nji dan slavi samo u jednom dijelu dr\u017eave.<\/p>\n\n\n\n<p>Gra\u0111ani BiH koji \u017eive u Kanadi poru\u0107uju da je najbolja lekcija ZAVNOBiH-a bila upravo poruka da razli\u010ditosti postoje, ali ne da bi kidale bosanskohercegova\u010dko dr\u017eavno i dru\u0161tveno tkivo, ve\u0107 da se zajedni\u010dkim snagama izbore za dobro svih, za napredak dr\u017eave BiH, a njenim ja\u010danjem i za dobro i napredak Balkana, Evrope i svijeta. Samo zajedno, ujedinjenim snagama, uz po\u0161tivanje drugih i druga\u010dijih, i sa iskrenim namjerama u srcu, mo\u017eemo graditi dr\u017eavu BiH.<\/p>\n\n\n\n<figure class=\"wp-block-image\"><img decoding=\"async\" src=\"https:\/\/static.hayat.ba\/2020\/11\/hamilton-cestitak.jpg\" alt=\"\" class=\"wp-image-298772\"\/><\/figure>\n\n\n\n<p>Lideri bosanskohercegova\u010dke zjednice u Kanadi u razgovoru sa politi\u010dkim, akademskim i kulturnim subjektima Kanade i posebno u razgovoru sa Kana\u0111anima isti\u010du slobodarsku svijest gra\u0111ana BiH koji \u017eive u Kanadi, oli\u010denu u ideji su\u017eivota i tolerancije te univerzalnim moralnim vrijednostima i tradicijom antifa\u0161izma, za\u0161to su se gra\u0111ani i narodi BiH opredijelili. Opredijelili za teritorijalno jedinstvenu, multietni\u010dku i politi\u010dki nezavisnu, suverenu dr\u017eavu BiH.<\/p>\n\n\n\n<p>Ne bje\u017eimo od svojih nacionalnih odrednica, ali svakako ne zaboravljamo gdje smo ro\u0111eni, gdje su nam ro\u0111eni preci i gdje su nam ro\u0111ena djeca. Trudimo se da u duhu ZAVNOBiH-a poka\u017eemo da smo dostojni i spremni o\u010duvati duh antifa\u0161izma, a kroz to i dr\u017eavnost BiH u dalekoj Kanadi. Tra\u017eimo od Kanade da vi\u0161e pomogne da dr\u017eava BiH krene putem napretka, stabilnosti i sigurnosti, da bude uzorom uspje\u0161ne sredine i osovinom stabilnosti i saradnje u regiji i Evropi. Tra\u017ei\u0107emo da Kanada poja\u010da svoju ulogu u o\u010duvanju i ja\u010danju dr\u017eave BiH i njenog evroatlanskog puta. Mi u Kanadi se kontinuirano sje\u0107amo poruka ZAVNOBiH-a, u\u010dimo na\u0161u djecu o dr\u017eavnosti BiH.<\/p>\n\n\n\n<p>Negiranje Dana dr\u017eavnosti i njegovih tekovina, uz istovremenu afirmciju i identifikaciju sa genocidnim ideologijama iz drugog svjetskog rata predstavlja stajanje suprotno od antifa\u0161isti\u010dke borbe onda\u0161njeg, a i sada\u0161njeg, modernog demokratskog svijeta. Gra\u0111ani BiH u Kanadi ponosno afirmi\u0161u antifa\u0161isti\u010dku borbu, kako u drugom svjetskom ratu, tako i u odbrambenom ratu, u toku agresije na BiH, od 1992. do 1995. godine.<\/p>\n\n\n\n<p>Na\u0161oj dragoj zemlji, dr\u017eavi Bosni i Hercegovini i svim njenim narodima i gra\u0111anima \u010destitamo 25. novembar, Dan dr\u017eavnosti BiH.<\/p>\n\n\n\n<p>Neka nam \u017eivi jedina na\u0161a domovina Bosna i Hercegovina, poru\u010deno je iz Instituta za istra\u017eivanje genocida Kanada.<\/p>\n\n\n\n<p><\/p>\n","protected":false},"excerpt":{"rendered":"<p>Institut za istra\u017eivanje genocida Kanada prenio je gra\u0111anima BiH \u010destitike zvani\u010dnika i gra\u0111ana Kanade povodom Dana dr\u017eavnosti BiH. Iz IGK isti\u010du tradicionalnu kanadsku opredijeljenost za podr\u0161ku dr\u017eavi BiH. Tradicionalno, ve\u0107 petu godinu, u znak po\u010dasti dr\u017eavi BiH povodom Dana dr\u017eavnosti na zgradi Skup\u0161tine grada Hamiltona podignuta je zastava BiH. Tako\u0111er, na velikom elektronskom ekranu ispred [&hellip;]<\/p>\n","protected":false},"author":59,"featured_media":19572,"comment_status":"closed","ping_status":"closed","sticky":false,"template":"","format":"standard","meta":{"inline_featured_image":false,"footnotes":""},"categories":[37,38],"tags":[],"class_list":{"0":"post-19571","1":"post","2":"type-post","3":"status-publish","4":"format-standard","5":"has-post-thumbnail","7":"category-vijesti","8":"category-vijesti-iz-bih"},"acf":[],"_links":{"self":[{"href":"https:\/\/tvsensor.com\/api\/wp\/v2\/posts\/19571","targetHints":{"allow":["GET"]}}],"collection":[{"href":"https:\/\/tvsensor.com\/api\/wp\/v2\/posts"}],"about":[{"href":"https:\/\/tvsensor.com\/api\/wp\/v2\/types\/post"}],"author":[{"embeddable":true,"href":"https:\/\/tvsensor.com\/api\/wp\/v2\/users\/59"}],"replies":[{"embeddable":true,"href":"https:\/\/tvsensor.com\/api\/wp\/v2\/comments?post=19571"}],"version-history":[{"count":2,"href":"https:\/\/tvsensor.com\/api\/wp\/v2\/posts\/19571\/revisions"}],"predecessor-version":[{"id":19574,"href":"https:\/\/tvsensor.com\/api\/wp\/v2\/posts\/19571\/revisions\/19574"}],"wp:featuredmedia":[{"embeddable":true,"href":"https:\/\/tvsensor.com\/api\/wp\/v2\/media\/19572"}],"wp:attachment":[{"href":"https:\/\/tvsensor.com\/api\/wp\/v2\/media?parent=19571"}],"wp:term":[{"taxonomy":"category","embeddable":true,"href":"https:\/\/tvsensor.com\/api\/wp\/v2\/categories?post=19571"},{"taxonomy":"post_tag","embeddable":true,"href":"https:\/\/tvsensor.com\/api\/wp\/v2\/tags?post=19571"}],"curies":[{"name":"wp","href":"https:\/\/api.w.org\/{rel}","templated":true}]}}