{"id":19562,"date":"2020-11-25T09:35:18","date_gmt":"2020-11-25T08:35:18","guid":{"rendered":"https:\/\/senzor.ba\/?p=19562"},"modified":"2024-01-15T21:42:13","modified_gmt":"2024-01-15T20:42:13","slug":"mojoj-dragoj-bih-nesudjena-himna-nase-drzave","status":"publish","type":"post","link":"https:\/\/tvsensor.com\/clanak\/mojoj-dragoj-bih-nesudjena-himna-nase-drzave\/","title":{"rendered":"Mojoj dragoj BiH, nesu\u0111ena himna na\u0161e dr\u017eave"},"content":{"rendered":"\n<p>Pjesma &#8220;Mojoj dragoj BiH&#8221;, snimljena ratne 1992. godine, jedna je od najljep\u0161ih pjesama posve\u0107enih jedinoj nam domovini. Njen kompozitor je Ismet Kurtovi\u0107, dugogodi\u0161nji frontmen nekada\u0161nje rock grupe &#8220;Drugi na\u010din&#8221;. Ovako on govori o pjesmi koja je dala najbolje stihove o Bosni i Hercegovini.<\/p>\n\n\n\n<figure class=\"wp-block-embed is-type-video is-provider-youtube wp-block-embed-youtube wp-embed-aspect-4-3 wp-has-aspect-ratio\"><div class=\"wp-block-embed__wrapper\">\n<iframe loading=\"lazy\" title=\"Mojoj dragoj BiH\" width=\"696\" height=\"522\" src=\"https:\/\/www.youtube.com\/embed\/2rPVrDsgA-o?feature=oembed\" frameborder=\"0\" allow=\"accelerometer; autoplay; clipboard-write; encrypted-media; gyroscope; picture-in-picture\" allowfullscreen><\/iframe>\n<\/div><\/figure>\n\n\n\n<p>Krajem 1992. godine vidio sam kuda stvari idu u Bosni. Zajedno s bratom Fikretom napravio sam pjesmu &#8220;Mojoj dragoj BiH&#8221;. Fikret je napisao tekst, ka\u017ee Ismet Kurtovi\u0107.<\/p>\n\n\n\n<p>&#8211; Ja sam jako ponosan na tu pjesmu. U to vrijeme, kada smo snimali, ljudi uop\u0107e nisu znali ni kako se zovu, ni \u0161ta \u0107e biti, ni na kojoj su strani. Mislim da sam tada ima &#8220;kliker&#8221; i sku\u017eio \u0161ta je bitno. Uradio sam pjesmu za Bosnu i Hercegovinu gdje sam poku\u0161ao okupiti sve ljude koje sam li\u010dno poznavao iz na\u0161e zemlje. Bilo je dosta problema, neki su pjeva\u010di mogli do\u0107i na snimanje u Zagreb, a neki ne \u2013 pri\u010da Kurtovi\u0107.<\/p>\n\n\n\n<p>Tu pjesmu su, naime, pjevali Amir Kazi\u0107 -Leo, \u017deljko Bebek, Fikret Kurtovi\u0107, Toni Jankovi\u0107, Zele Lipova\u010da, Deja Mu\u0161i\u0107, Senad Galija\u0161evi\u0107, \u010ceha iz Divljih Jagoda, pa djevojke iz Zagreba\u010dke d\u017eamije, franjeva\u010dki zborovi, statirale su prve izbjeglice, bilo je i Srba pojedinaca&#8230;<\/p>\n\n\n\n<p>Prema rije\u010dima Kurtovi\u0107a, ta pjesma bi trebala biti i danas aktuelna i da se vi\u0161e slu\u0161a, obzirom na sveukupnu situaciju u Bosni i Hercegovini. <\/p>\n\n\n\n<figure class=\"wp-block-image size-large is-resized\"><img loading=\"lazy\" decoding=\"async\" src=\"https:\/\/tvsensor.com\/wp-content\/uploads\/2020\/11\/ismet-kurtovic-1.jpg\" alt=\"\" class=\"wp-image-19566\" width=\"1068\" height=\"707\" srcset=\"https:\/\/tvsensor.com\/wp-content\/uploads\/2020\/11\/ismet-kurtovic-1.jpg 1600w, https:\/\/tvsensor.com\/wp-content\/uploads\/2020\/11\/ismet-kurtovic-1-150x99.jpg 150w, https:\/\/tvsensor.com\/wp-content\/uploads\/2020\/11\/ismet-kurtovic-1-768x509.jpg 768w, https:\/\/tvsensor.com\/wp-content\/uploads\/2020\/11\/ismet-kurtovic-1-1536x1018.jpg 1536w, https:\/\/tvsensor.com\/wp-content\/uploads\/2020\/11\/ismet-kurtovic-1-300x199.jpg 300w, https:\/\/tvsensor.com\/wp-content\/uploads\/2020\/11\/ismet-kurtovic-1-696x461.jpg 696w, https:\/\/tvsensor.com\/wp-content\/uploads\/2020\/11\/ismet-kurtovic-1-1068x708.jpg 1068w\" sizes=\"auto, (max-width: 1068px) 100vw, 1068px\" \/><\/figure>\n\n\n\n<p>Zanimljivo je spomenuti da su tokom agresije na BiH najvi\u0161e Tuzlaci insistirali na tome da pjesma &#8220;Mojoj dragoj BiH&#8221; bude zvani\u010dna himna.<\/p>\n\n\n\n<p>&#8211; U Tuzli je za vrijeme rata postojao jedan garnizon koji je dugo vremena zastavu BiH dizao upravo uz ovu pjesmu. Kako god, ta pjesma je odradila svoju svrhu. Gotovo svi su je koristili. Ja Tuzlu jednostavno volim. Tokom cijelog rata sam sara\u0111ivao sa Tuzlacima kroz projekte vezane za Bosnu i Hercegovinu. Dru\u017eim se sa starim rokerima iz Tuzle Mustafom Su\u0161i\u0107em, Batom Kosti\u0107em, kao i sa va\u0161im gradona\u010delnikom Imamovi\u0107em, sa kojim sam prijatelj dugo godina, i kada nije namjeravao biti u politici \u2013 ka\u017ee Kurtovi\u0107.<\/p>\n","protected":false},"excerpt":{"rendered":"<p>Pjesma &#8220;Mojoj dragoj BiH&#8221;, snimljena ratne 1992. godine, jedna je od najljep\u0161ih pjesama posve\u0107enih jedinoj nam domovini. Njen kompozitor je Ismet Kurtovi\u0107, dugogodi\u0161nji frontmen nekada\u0161nje rock grupe &#8220;Drugi na\u010din&#8221;. Ovako on govori o pjesmi koja je dala najbolje stihove o Bosni i Hercegovini. Krajem 1992. godine vidio sam kuda stvari idu u Bosni. Zajedno s [&hellip;]<\/p>\n","protected":false},"author":59,"featured_media":19567,"comment_status":"closed","ping_status":"closed","sticky":false,"template":"","format":"standard","meta":{"inline_featured_image":false,"footnotes":""},"categories":[47,48,46,53],"tags":[],"class_list":{"0":"post-19562","1":"post","2":"type-post","3":"status-publish","4":"format-standard","5":"has-post-thumbnail","7":"category-historija","8":"category-iz-fontane-muzicke-bastine","9":"category-kultura","10":"category-magazin"},"acf":[],"_links":{"self":[{"href":"https:\/\/tvsensor.com\/api\/wp\/v2\/posts\/19562","targetHints":{"allow":["GET"]}}],"collection":[{"href":"https:\/\/tvsensor.com\/api\/wp\/v2\/posts"}],"about":[{"href":"https:\/\/tvsensor.com\/api\/wp\/v2\/types\/post"}],"author":[{"embeddable":true,"href":"https:\/\/tvsensor.com\/api\/wp\/v2\/users\/59"}],"replies":[{"embeddable":true,"href":"https:\/\/tvsensor.com\/api\/wp\/v2\/comments?post=19562"}],"version-history":[{"count":4,"href":"https:\/\/tvsensor.com\/api\/wp\/v2\/posts\/19562\/revisions"}],"predecessor-version":[{"id":28047,"href":"https:\/\/tvsensor.com\/api\/wp\/v2\/posts\/19562\/revisions\/28047"}],"wp:featuredmedia":[{"embeddable":true,"href":"https:\/\/tvsensor.com\/api\/wp\/v2\/media\/19567"}],"wp:attachment":[{"href":"https:\/\/tvsensor.com\/api\/wp\/v2\/media?parent=19562"}],"wp:term":[{"taxonomy":"category","embeddable":true,"href":"https:\/\/tvsensor.com\/api\/wp\/v2\/categories?post=19562"},{"taxonomy":"post_tag","embeddable":true,"href":"https:\/\/tvsensor.com\/api\/wp\/v2\/tags?post=19562"}],"curies":[{"name":"wp","href":"https:\/\/api.w.org\/{rel}","templated":true}]}}