{"id":19559,"date":"2020-11-25T09:16:40","date_gmt":"2020-11-25T08:16:40","guid":{"rendered":"https:\/\/senzor.ba\/?p=19559"},"modified":"2024-01-15T21:42:13","modified_gmt":"2024-01-15T20:42:13","slug":"podizanjem-zastave-na-humu-pocelo-obiljezavanje-dana-drzavnosti-bih","status":"publish","type":"post","link":"https:\/\/tvsensor.com\/clanak\/podizanjem-zastave-na-humu-pocelo-obiljezavanje-dana-drzavnosti-bih\/","title":{"rendered":"Podizanjem zastave na Humu po\u010delo obilje\u017eavanje Dana dr\u017eavnosti BiH"},"content":{"rendered":"\n<p>Na brdu Hum iznad Sarajeva odr\u017eana je ceremonija podizanja zastave BiH, u sklopu obilje\u017eavanja Dana dr\u017eavnosti Bosne i Hercegovine, a ovom doga\u0111aju su prisustvovali dr\u017eavni i kantonalni zvani\u010dnici.<\/p>\n\n\n\n<p>Ceremoniji su&nbsp;prisustvovali&nbsp;i \u010dlanovi&nbsp;Predsjedni\u0161tva BiH&nbsp;\u0160efik D\u017eaferovi\u0107 i&nbsp;\u017deljko Kom\u0161i\u0107.<\/p>\n\n\n\n<p>Gradona\u010delnik Sarajeva Abdulah Skaka&nbsp;je istakao da je vrlo va\u017eno da se na razne na\u010dine obilje\u017eava&nbsp;Dan&nbsp;dr\u017eavnosti Bosne i Hercegovine.<\/p>\n\n\n\n<p>&#8220;Na\u0161a je obaveza&nbsp;i kao Grada Sarajeva da ja\u010damo institucije i u tom smislu smo ulo\u017eili puno energije i vremena&#8221;, kazao je&nbsp;Skaka te svim gra\u0111anima \u010destitao&nbsp;Dan&nbsp;dr\u017eavnosti BiH.<\/p>\n\n\n\n<p>Nakon ceremonije podizanja zastave na brdu Hum,\u00a0slijedi polaganje cvije\u0107a na Spomen-obilje\u017eju Vje\u010dna vatra, polaganje cvije\u0107a na Mezarju Kova\u010di, polaganje cvije\u0107a na Spomen-obilje\u017eju djeci Sarajeva, Polaganje cvije\u0107a u Spomen-parku Vraca.\u00a0<\/p>\n\n\n\n<figure class=\"wp-block-embed-wordpress wp-block-embed is-type-wp-embed is-provider-senzor\"><div class=\"wp-block-embed__wrapper\">\n<blockquote class=\"wp-embedded-content\" data-secret=\"zKNbz54x12\"><a href=\"https:\/\/tvsensor.com\/kako-kraljevski-grad-bobovac-i-danas-cuva-bedeme-drzavnosti-bih\/\">Kako kraljevski grad Bobovac i danas \u010duva bedeme dr\u017eavnosti BiH<\/a><\/blockquote><iframe loading=\"lazy\" class=\"wp-embedded-content\" sandbox=\"allow-scripts\" security=\"restricted\" style=\"position: absolute; clip: rect(1px, 1px, 1px, 1px);\" title=\"&#8220;Kako kraljevski grad Bobovac i danas \u010duva bedeme dr\u017eavnosti BiH&#8221; &#8212; TVSensor\" src=\"https:\/\/tvsensor.com\/kako-kraljevski-grad-bobovac-i-danas-cuva-bedeme-drzavnosti-bih\/embed\/#?secret=z0Lvyebh8E#?secret=zKNbz54x12\" data-secret=\"zKNbz54x12\" width=\"600\" height=\"338\" frameborder=\"0\" marginwidth=\"0\" marginheight=\"0\" scrolling=\"no\"><\/iframe>\n<\/div><\/figure>\n\n\n\n<p>\u010clan Predsjedni\u0161tva BiH \u017deljko Kom\u0161i\u0107 \u0107e tako\u0111er povodom Dana dr\u017eavnosti Bosne i Hercegovine prisustvovati manifestaciji na Bobovcu.<\/p>\n\n\n\n<p>Izvor: Agencije<\/p>\n","protected":false},"excerpt":{"rendered":"<p>Na brdu Hum iznad Sarajeva odr\u017eana je ceremonija podizanja zastave BiH, u sklopu obilje\u017eavanja Dana dr\u017eavnosti Bosne i Hercegovine, a ovom doga\u0111aju su prisustvovali dr\u017eavni i kantonalni zvani\u010dnici. Ceremoniji su&nbsp;prisustvovali&nbsp;i \u010dlanovi&nbsp;Predsjedni\u0161tva BiH&nbsp;\u0160efik D\u017eaferovi\u0107 i&nbsp;\u017deljko Kom\u0161i\u0107. Gradona\u010delnik Sarajeva Abdulah Skaka&nbsp;je istakao da je vrlo va\u017eno da se na razne na\u010dine obilje\u017eava&nbsp;Dan&nbsp;dr\u017eavnosti Bosne i Hercegovine. &#8220;Na\u0161a je [&hellip;]<\/p>\n","protected":false},"author":59,"featured_media":19560,"comment_status":"closed","ping_status":"closed","sticky":false,"template":"","format":"standard","meta":{"inline_featured_image":false,"footnotes":""},"categories":[38],"tags":[],"class_list":{"0":"post-19559","1":"post","2":"type-post","3":"status-publish","4":"format-standard","5":"has-post-thumbnail","7":"category-vijesti-iz-bih"},"acf":[],"_links":{"self":[{"href":"https:\/\/tvsensor.com\/api\/wp\/v2\/posts\/19559","targetHints":{"allow":["GET"]}}],"collection":[{"href":"https:\/\/tvsensor.com\/api\/wp\/v2\/posts"}],"about":[{"href":"https:\/\/tvsensor.com\/api\/wp\/v2\/types\/post"}],"author":[{"embeddable":true,"href":"https:\/\/tvsensor.com\/api\/wp\/v2\/users\/59"}],"replies":[{"embeddable":true,"href":"https:\/\/tvsensor.com\/api\/wp\/v2\/comments?post=19559"}],"version-history":[{"count":1,"href":"https:\/\/tvsensor.com\/api\/wp\/v2\/posts\/19559\/revisions"}],"predecessor-version":[{"id":19561,"href":"https:\/\/tvsensor.com\/api\/wp\/v2\/posts\/19559\/revisions\/19561"}],"wp:featuredmedia":[{"embeddable":true,"href":"https:\/\/tvsensor.com\/api\/wp\/v2\/media\/19560"}],"wp:attachment":[{"href":"https:\/\/tvsensor.com\/api\/wp\/v2\/media?parent=19559"}],"wp:term":[{"taxonomy":"category","embeddable":true,"href":"https:\/\/tvsensor.com\/api\/wp\/v2\/categories?post=19559"},{"taxonomy":"post_tag","embeddable":true,"href":"https:\/\/tvsensor.com\/api\/wp\/v2\/tags?post=19559"}],"curies":[{"name":"wp","href":"https:\/\/api.w.org\/{rel}","templated":true}]}}