{"id":19539,"date":"2020-11-25T08:27:07","date_gmt":"2020-11-25T07:27:07","guid":{"rendered":"https:\/\/senzor.ba\/?p=19539"},"modified":"2024-01-15T21:42:14","modified_gmt":"2024-01-15T20:42:14","slug":"povodom-dana-drzavnosti-bih-muzej-hercegovine-priprema-izlozbu-zavnobih-u-izgradnji-bh-drzavnosti","status":"publish","type":"post","link":"https:\/\/tvsensor.com\/clanak\/povodom-dana-drzavnosti-bih-muzej-hercegovine-priprema-izlozbu-zavnobih-u-izgradnji-bh-drzavnosti\/","title":{"rendered":"Povodom Dana dr\u017eavnosti BiH Muzej Hercegovine priprema izlo\u017ebu &#8220;ZAVNOBiH u izgradnji bh. dr\u017eavnosti&#8221;"},"content":{"rendered":"\n<p>U okviru obilje\u017eavanja Dana dr\u017eavnosti Bosne i Hercegovine Muzej Hercegovine u Mostaru priprema izlo\u017ebu &#8220;ZAVNOBIH U IZGRADNJI BOSANSKO-HERCEGOVA\u010cKE DR\u017dAVNOSTI&#8221;.&nbsp;<\/p>\n\n\n\n<p>Direktor Muzeja Hercegovine Asim Krhan ka\u017ee kako \u0107e na izlo\u017ebi biti prikazani dokumenti sa zasjedanja ZAVNOBIH-a, fotografije, novinski isje\u010dci i drugi dokumenti iz arhivske gra\u0111e Muzeja Hercegovine.&nbsp;<\/p>\n\n\n\n<p>&#8220;Zbog pandemije korona virusa izlo\u017eba \u0107e biti uprili\u010dena na otvorenom u avliji spomen ku\u0107e D\u017eemala Bijedi\u0107a, uz po\u0161tivanje svih propisanih epidemiolo\u0161kih mjera&#8221;, dodaje Krhan kazav\u0161i kako \u0107e izlo\u017eba biti otvorena od 26. novembra do 02. decembra 2020.godine.<\/p>\n","protected":false},"excerpt":{"rendered":"<p>U okviru obilje\u017eavanja Dana dr\u017eavnosti Bosne i Hercegovine Muzej Hercegovine u Mostaru priprema izlo\u017ebu &#8220;ZAVNOBIH U IZGRADNJI BOSANSKO-HERCEGOVA\u010cKE DR\u017dAVNOSTI&#8221;.&nbsp; Direktor Muzeja Hercegovine Asim Krhan ka\u017ee kako \u0107e na izlo\u017ebi biti prikazani dokumenti sa zasjedanja ZAVNOBIH-a, fotografije, novinski isje\u010dci i drugi dokumenti iz arhivske gra\u0111e Muzeja Hercegovine.&nbsp; &#8220;Zbog pandemije korona virusa izlo\u017eba \u0107e biti uprili\u010dena na [&hellip;]<\/p>\n","protected":false},"author":59,"featured_media":19536,"comment_status":"closed","ping_status":"closed","sticky":false,"template":"","format":"standard","meta":{"inline_featured_image":false,"footnotes":""},"categories":[47],"tags":[],"class_list":{"0":"post-19539","1":"post","2":"type-post","3":"status-publish","4":"format-standard","5":"has-post-thumbnail","7":"category-historija"},"acf":[],"_links":{"self":[{"href":"https:\/\/tvsensor.com\/api\/wp\/v2\/posts\/19539","targetHints":{"allow":["GET"]}}],"collection":[{"href":"https:\/\/tvsensor.com\/api\/wp\/v2\/posts"}],"about":[{"href":"https:\/\/tvsensor.com\/api\/wp\/v2\/types\/post"}],"author":[{"embeddable":true,"href":"https:\/\/tvsensor.com\/api\/wp\/v2\/users\/59"}],"replies":[{"embeddable":true,"href":"https:\/\/tvsensor.com\/api\/wp\/v2\/comments?post=19539"}],"version-history":[{"count":1,"href":"https:\/\/tvsensor.com\/api\/wp\/v2\/posts\/19539\/revisions"}],"predecessor-version":[{"id":19541,"href":"https:\/\/tvsensor.com\/api\/wp\/v2\/posts\/19539\/revisions\/19541"}],"wp:featuredmedia":[{"embeddable":true,"href":"https:\/\/tvsensor.com\/api\/wp\/v2\/media\/19536"}],"wp:attachment":[{"href":"https:\/\/tvsensor.com\/api\/wp\/v2\/media?parent=19539"}],"wp:term":[{"taxonomy":"category","embeddable":true,"href":"https:\/\/tvsensor.com\/api\/wp\/v2\/categories?post=19539"},{"taxonomy":"post_tag","embeddable":true,"href":"https:\/\/tvsensor.com\/api\/wp\/v2\/tags?post=19539"}],"curies":[{"name":"wp","href":"https:\/\/api.w.org\/{rel}","templated":true}]}}