{"id":19535,"date":"2020-11-25T08:17:40","date_gmt":"2020-11-25T07:17:40","guid":{"rendered":"https:\/\/senzor.ba\/?p=19535"},"modified":"2024-01-15T21:42:14","modified_gmt":"2024-01-15T20:42:14","slug":"svjetski-dan-borbe-protiv-nasilja-nad-zenama","status":"publish","type":"post","link":"https:\/\/tvsensor.com\/clanak\/svjetski-dan-borbe-protiv-nasilja-nad-zenama\/","title":{"rendered":"Svjetski dan borbe protiv nasilja nad \u017eenama"},"content":{"rendered":"\n<p><strong>U svijetu se danas obilje\u017eava Me\u0111unarodni dan borbe protiv nasilja nad \u017eenama.<\/strong>&nbsp;<strong>\u010cetiri od deset \u017eena u Bosni i Hercegovini pretrpjelo je psiholo\u0161ko, fizi\u010dko ili seksualno nasilje, pokazalo je istra\u017eivanje koje je provela Organizacija za sigurnost i saradnju u Evropi (OSCE).<\/strong><\/p>\n\n\n\n<p>Generalna skup\u0161tina Ujedinjenih nacija 1999. godine je proglasila 25. novembar za Me\u0111unarodni dan borbe protiv nasilja nad \u017eenama, Rezolucijom 54\/134. Taj datum je izabran kako bi se obilje\u017eilo ubistvo sestara Mirabal, aktivistkinja za demokratiju i pravdu.<\/p>\n\n\n\n<p>Ovim putem zemlje \u010dlanice Ujedinjenih nacija, nadovezuju\u0107i se na Konvenciju o suzbijanju nasilja nad \u017eenama iz 1993. godine, podsje\u0107aju da je nasilje nad \u017eenama jedan od primarnih razloga nejednakosti \u017eena i mu\u0161karaca, \u010demu je uzrok istorijski disbalansirana raspodjela mo\u0107i i pristupa resursima, a direktna posljedica prepreka razvoju i miru.<\/p>\n\n\n\n<p>UN nagla\u0161ava da dok god \u017eene budu bile izlo\u017eene razli\u010ditim oblicima nasilja u sferi privatnog i javnog, a dr\u017eave ne budu preduzimale ozbiljne mjere za\u0161tite \u017eena od nasilja, ne\u0107e biti mogu\u0107e govoriti o u\u017eivanju ljudskih prava i fundamentalnih sloboda svih, onako kako je zagarantovano Univerzalnom deklaracijom o ljudskim pravima.<\/p>\n\n\n\n<p>Postoje razni oblici nasilja nad \u017eenama, uklju\u010duju\u0107i tjelesno, psihi\u010dko, spolno i ekonomsko nasilje. Procjenjuje se da svaka tre\u0107a \u017eena u svijetu trpi neki oblik nasilja i to naj\u010de\u0161\u0107e od osobe iz svoje najbli\u017ee okoline. Prema podacima Svjetske zdravstvene organizacije (WHO), 38 % ubistava \u017eena su po\u010dinili njihovi partneri.<\/p>\n\n\n\n<p><strong>Rezultati za Bosnu i Hercegovinu pokazuju da tri od pet \u017eena smatra da je nasilje nad \u017eenama uobi\u010dajena pojava u njihovim zajednicama. \u010cetiri od deset \u017eena u na\u0161oj zemlji izjavile su da su pretrpjele psiholo\u0161ko, fizi\u010dko ili seksualno nasilje nakon navr\u0161ene 15. godine \u017eivota, od strane partnera ili drugih osoba. Gotovo polovina ispitanih \u017eena smatra da je nasilje u porodici privatna stvar, a vi\u0161e od 40 posto njih ne zna \u0161ta treba \u010diniti ako do\u017eive nasilje. Ve\u0107ina \u017eena ne prijavljuje nasilje koje do\u017eivi, navode\u0107i sram, materijalnu ovisnost\/probleme, nedostatak informacija, nepovjerenje u slu\u017ebe i, u kona\u010dnici, strah, kao razloge zbog kojih ne prijavljuju nasilje relevantnim institucijama.<\/strong><\/p>\n\n\n\n<p>Nasilje nad \u017eenama je prepoznato kao globalni javnozdravstveni problem, a obilje\u017eavanjem 25. novembra nastoji se podi\u0107i svijest i senzibilizirati javnost na ovaj problem kao oblik neprihvatljivog dru\u0161tvenog pona\u0161anja.<\/p>\n\n\n\n<p>U svijetu, ovaj dan se obilje\u017eava kao Dan borbe protiv nasilja nad \u017eenama jo\u0161 od 1981. godine, kao podsje\u0107anje na tri sestre Mirabal (\u201eLeptirice\u201c) iz Dominikanske Republike, koje su na ovaj dan 1960. godine brutalno ubijene od strane re\u017eima Rafaela Trujilla (1930-1961) zbog svog politi\u010dkog i o\u0161trog opozicionog aktivizma.<\/p>\n","protected":false},"excerpt":{"rendered":"<p>U svijetu se danas obilje\u017eava Me\u0111unarodni dan borbe protiv nasilja nad \u017eenama.&nbsp;\u010cetiri od deset \u017eena u Bosni i Hercegovini pretrpjelo je psiholo\u0161ko, fizi\u010dko ili seksualno nasilje, pokazalo je istra\u017eivanje koje je provela Organizacija za sigurnost i saradnju u Evropi (OSCE). Generalna skup\u0161tina Ujedinjenih nacija 1999. godine je proglasila 25. novembar za Me\u0111unarodni dan borbe protiv [&hellip;]<\/p>\n","protected":false},"author":59,"featured_media":19537,"comment_status":"closed","ping_status":"closed","sticky":false,"template":"","format":"standard","meta":{"inline_featured_image":false,"footnotes":""},"categories":[41],"tags":[],"class_list":{"0":"post-19535","1":"post","2":"type-post","3":"status-publish","4":"format-standard","5":"has-post-thumbnail","7":"category-svijet"},"acf":[],"_links":{"self":[{"href":"https:\/\/tvsensor.com\/api\/wp\/v2\/posts\/19535","targetHints":{"allow":["GET"]}}],"collection":[{"href":"https:\/\/tvsensor.com\/api\/wp\/v2\/posts"}],"about":[{"href":"https:\/\/tvsensor.com\/api\/wp\/v2\/types\/post"}],"author":[{"embeddable":true,"href":"https:\/\/tvsensor.com\/api\/wp\/v2\/users\/59"}],"replies":[{"embeddable":true,"href":"https:\/\/tvsensor.com\/api\/wp\/v2\/comments?post=19535"}],"version-history":[{"count":1,"href":"https:\/\/tvsensor.com\/api\/wp\/v2\/posts\/19535\/revisions"}],"predecessor-version":[{"id":19538,"href":"https:\/\/tvsensor.com\/api\/wp\/v2\/posts\/19535\/revisions\/19538"}],"wp:featuredmedia":[{"embeddable":true,"href":"https:\/\/tvsensor.com\/api\/wp\/v2\/media\/19537"}],"wp:attachment":[{"href":"https:\/\/tvsensor.com\/api\/wp\/v2\/media?parent=19535"}],"wp:term":[{"taxonomy":"category","embeddable":true,"href":"https:\/\/tvsensor.com\/api\/wp\/v2\/categories?post=19535"},{"taxonomy":"post_tag","embeddable":true,"href":"https:\/\/tvsensor.com\/api\/wp\/v2\/tags?post=19535"}],"curies":[{"name":"wp","href":"https:\/\/api.w.org\/{rel}","templated":true}]}}