{"id":19530,"date":"2020-11-25T07:57:34","date_gmt":"2020-11-25T06:57:34","guid":{"rendered":"https:\/\/senzor.ba\/?p=19530"},"modified":"2024-01-15T21:42:14","modified_gmt":"2024-01-15T20:42:14","slug":"evo-na-koji-nacin-ce-se-sve-obiljezavati-dan-drzavnosti-bih","status":"publish","type":"post","link":"https:\/\/tvsensor.com\/clanak\/evo-na-koji-nacin-ce-se-sve-obiljezavati-dan-drzavnosti-bih\/","title":{"rendered":"Evo na koji na\u010din \u0107e se sve obilje\u017eavati Dan dr\u017eavnosti BiH"},"content":{"rendered":"\n<p><strong>Povodom 25. novembra, Dana dr\u017eavnosti BiH, u svim gradovima FBiH bi\u0107e polo\u017eeno cvije\u0107e i odata po\u010dast poginulim borcima. U FBiH je praznik i neradni dan, dok u RS nije praznik i danas je sasvim obi\u010dan radni dan.<\/strong><\/p>\n\n\n\n<p>Danas \u0107e delegacije svih nivoa vlasti u KS polo\u017eiti cvije\u0107e i odati po\u010dast poginulim borcima \u2013 braniteljima i civilima Sarajeva na sljede\u0107im lokacijama:<\/p>\n\n\n\n<p>\u2013 09:00 sati \u2013 Spomen obilje\u017eje \u201cVje\u010dna vatra\u201d<br>\u2013 09:30 sati \u2013 Mezarje Kova\u010di \u2013 mezar prvog predsjednika RBiH Alije Izetbegovi\u0107a;<br>\u2013 10:00 sati \u2013 Spomen-obilje\u017eje ubijenoj djeci opkoljenog Sarajeva 1992-1995. godina;<br>\u2013 10:30 sati \u2013 Spomen-park Vraca.<\/p>\n\n\n\n<p>Zamjenik predsjedavaju\u0107eg Doma naroda Parlamentarne skup\u0161tine Bosne i Hercegovine Bakir Izetbegovi\u0107 i zamjenik predsjedavaju\u0107eg Predstavni\u010dkog doma PSBiH Denis Zvizdi\u0107 u\u010destvova\u0107e u sve\u010danostima obilje\u017eavanja 25. novembra, Dana dr\u017eavnosti Bosne i Hercegovine, saop\u0107eno je iz PSBiH.<\/p>\n\n\n\n<p>Izetbegovi\u0107 \u0107e danas, 25. novembra, u 9,00 sati, zajedno sa zvani\u010dnicima sa svih nivoa vlasti, polo\u017eiti cvije\u0107e na spomen \u2013 obilje\u017eju \u201eVje\u010dna vatra\u201c.<\/p>\n\n\n\n<p>Izetbegovi\u0107 i Zvizdi\u0107 u 9,30 sati polo\u017ei\u0107e cvije\u0107e na mezarju \u201eKova\u010di\u201c i na mezaru prvog predsjednika Republike BiH Alije Izetbegovi\u0107a.<\/p>\n\n\n\n<p>U 10 sati Izetbegovi\u0107 i Zvizdi\u0107 polo\u017ei\u0107e cvije\u0107e na Spomen \u2013 obilje\u017eju ubijenoj djeci opkoljenog Sarajeva.<\/p>\n\n\n\n<p>Zvizdi\u0107 u 10,30 sati pola\u017ee cvije\u0107e i u Spomen \u2013 parku \u201eVraca\u201c.<\/p>\n\n\n\n<p>U povodu Dana dr\u017eavnosti BiH izaslanstvo Skup\u0161tine Hercegova\u010dko-neretvanske \u017eupanije \u0107e sutra u 11 sati, odati po\u010dast poginulim borcima NOB-a na Partizanskom spomen groblju u Mostaru.<\/p>\n\n\n\n<p>Nakon toga \u0107e odati po\u010dast \u0161ehidima i poginulim braniteljima u ratu 1992.-1995. na \u0160ehitlucima u Mostaru u 12 sati, priop\u0107eno je iz Skup\u0161tine HN\u017d-a.<\/p>\n\n\n\n<p>U povodu Dana dr\u017eavnosti BiH, Udru\u017eenje antifa\u0161ista i boraca NOR-a Mostar sutra \u0107e, 25. novembra, na Partizanskom spomen groblju u 11 sati tako\u0111e polo\u017eiti cvije\u0107e i odati po\u010dast palim antifa\u0161istima u Drugom svijetskom ratu.<\/p>\n\n\n\n<p>Iz Udru\u017eenja pozivaju svoje \u010dlanove, ali i druge organizacije i gra\u0111ane da uz po\u0161tivanje svih propisanih epidemiolo\u0161kih mjera posjete Partizansko spomen groblje.<\/p>\n\n\n\n<p>Udru\u017eenje antifa\u0161ista \u0107e zatim, u 12 sati, polo\u017eit cvije\u0107e i na \u0160ehitlucima te odati po\u010dast palim borcima u pro\u0161lom ratu.<\/p>\n\n\n\n<p>U organizaciji nevladinih organizacija (Vije\u0107a kongresa bo\u0161nja\u010dkih intelektualaca, Hrvatskog narodnog vije\u0107a, Srpskog gra\u0111anskog vije\u0107a-pokret za ravnopravnost, MDD Merhamet, La Benevolencija, KUD Proleter i Asocijacije nezavisnih intelektualaca Krug 99), bit \u0107e odr\u017eana simboli\u010dna manifestacija obilje\u017eavanje Dana dr\u017eavnosti BiH na kraljevskom gradu Bobovcu.<\/p>\n\n\n\n<p>Manifestacija \u0107e biti odr\u017eana 25. novembra s po\u010detkom u 12 sati na Bobovcu. Predstavnici NVO, te lokalnih i drugih institucija i organizacija \u0107e se obratiti skupu.<\/p>\n\n\n\n<p>U ime \u010dlana Predsjedni\u0161tva BiH \u0160efika D\u017eaferovi\u0107a izaslanik Amel Suljevi\u0107 \u0107e se obratiti skupu. Na manifestaciji \u0107e govoriti i \u010dlan Predsjedni\u0161tva BiH \u017deljko Kom\u0161i\u0107.<\/p>\n","protected":false},"excerpt":{"rendered":"<p>Povodom 25. novembra, Dana dr\u017eavnosti BiH, u svim gradovima FBiH bi\u0107e polo\u017eeno cvije\u0107e i odata po\u010dast poginulim borcima. U FBiH je praznik i neradni dan, dok u RS nije praznik i danas je sasvim obi\u010dan radni dan. Danas \u0107e delegacije svih nivoa vlasti u KS polo\u017eiti cvije\u0107e i odati po\u010dast poginulim borcima \u2013 braniteljima i [&hellip;]<\/p>\n","protected":false},"author":59,"featured_media":19375,"comment_status":"closed","ping_status":"closed","sticky":false,"template":"","format":"standard","meta":{"inline_featured_image":false,"footnotes":""},"categories":[38],"tags":[],"class_list":{"0":"post-19530","1":"post","2":"type-post","3":"status-publish","4":"format-standard","5":"has-post-thumbnail","7":"category-vijesti-iz-bih"},"acf":[],"_links":{"self":[{"href":"https:\/\/tvsensor.com\/api\/wp\/v2\/posts\/19530","targetHints":{"allow":["GET"]}}],"collection":[{"href":"https:\/\/tvsensor.com\/api\/wp\/v2\/posts"}],"about":[{"href":"https:\/\/tvsensor.com\/api\/wp\/v2\/types\/post"}],"author":[{"embeddable":true,"href":"https:\/\/tvsensor.com\/api\/wp\/v2\/users\/59"}],"replies":[{"embeddable":true,"href":"https:\/\/tvsensor.com\/api\/wp\/v2\/comments?post=19530"}],"version-history":[{"count":1,"href":"https:\/\/tvsensor.com\/api\/wp\/v2\/posts\/19530\/revisions"}],"predecessor-version":[{"id":19531,"href":"https:\/\/tvsensor.com\/api\/wp\/v2\/posts\/19530\/revisions\/19531"}],"wp:featuredmedia":[{"embeddable":true,"href":"https:\/\/tvsensor.com\/api\/wp\/v2\/media\/19375"}],"wp:attachment":[{"href":"https:\/\/tvsensor.com\/api\/wp\/v2\/media?parent=19530"}],"wp:term":[{"taxonomy":"category","embeddable":true,"href":"https:\/\/tvsensor.com\/api\/wp\/v2\/categories?post=19530"},{"taxonomy":"post_tag","embeddable":true,"href":"https:\/\/tvsensor.com\/api\/wp\/v2\/tags?post=19530"}],"curies":[{"name":"wp","href":"https:\/\/api.w.org\/{rel}","templated":true}]}}