{"id":19527,"date":"2020-11-25T07:21:32","date_gmt":"2020-11-25T06:21:32","guid":{"rendered":"https:\/\/senzor.ba\/?p=19527"},"modified":"2024-01-15T21:42:14","modified_gmt":"2024-01-15T20:42:14","slug":"danas-je-dan-drzavnosti-bosne-i-hercegovine","status":"publish","type":"post","link":"https:\/\/tvsensor.com\/clanak\/danas-je-dan-drzavnosti-bosne-i-hercegovine\/","title":{"rendered":"Danas je Dan dr\u017eavnosti Bosne i Hercegovine"},"content":{"rendered":"\n<p>Bosna i Hercegovina danas obilje\u017eava Dan dr\u017eavnosti, u znak sje\u0107anja na Prvo zasjedanje Zemaljskog antifa\u0161isti\u010dkog vije\u0107a narodnog oslobo\u0111enja Bosne i Hercegovine (ZAVNOBiH) u Mrkonji\u0107 Gradu 1943. godine, na kojem su donesene odluke o obnovi dr\u017eavnosti Bosne i Hercegovine.<\/p>\n\n\n\n<p>Prije ta\u010dno 77 godina, Vije\u0107nici ZAVNOBIH-a, njih ukupno 247 iz svih dijelova zemlje, usvojili su Rezoluciju o osnivanju ZAVNOBiH-a i Proglas narodima Bosne i Hercegovine u kojima je re\u010deno da je Bosna i Hercegovina jedinstvena i nedjeljiva dr\u017eava, ni srpska ni hrvatska ni muslimanska nego i srpska i muslimanska i hrvatska, zbratimljena zajednica u kojoj \u0107e biti osigurana puna ravnopravnost Muslimana, Srba i Hrvata, ali i svih ostalih naroda koji u njoj \u017eive.<\/p>\n\n\n\n<p>Za predsjednika Prezidija izabran je bijeljinski ljekar Vojislav Kecmanovi\u0107, a njegovi potpredsjednici bili su Avdo Humo, Aleksandar Preka i \u0110uro Pucar Stari. Za sekretara je izabran Hasan Brki\u0107.<\/p>\n\n\n\n<p>ZAVNOBiH je bio najvi\u0161i dr\u017eavni organ antifa\u0161isti\u010dkog pokreta u Bosni i Hercegovini tokom Drugog svjetskog rata, te se razvio kao nosilac bosanskohercegova\u010dke dr\u017eavnosti.<\/p>\n\n\n\n<p>Zna\u010daj zasjedanja u Mrkonji\u0107 Gradu le\u017ei u \u010dinjenici da je njegovim odlukama, prvi put od 1463. godine, kada je pala pod upravu Osmanske imperije, Bosna i Hercegovina obnovila dr\u017eavnost. Zahvaljuju\u0107i tome, u sastav budu\u0107e Socijalisti\u010dke Federativne Republike Jugoslavije (SFRJ) u\u0161la je kao jedna od \u0161est republika, ravnopravna ostalima.<\/p>\n\n\n\n<p>Kasnije \u0107e, na Drugom zasjedanju ZAVNOBiH-a, 1. jula 1944. godine, biti donesen jo\u0161 jedan izuzetno va\u017ean dokument \u2013 Deklaracija o pravima gra\u0111ana u Bosni i Hercegovini, kojim su garantovani: sloboda vjere, sloboda zbora i dogovora, udru\u017eivanja i \u0161tampe, li\u010dna i imovinska sigurnost gra\u0111ana, te sloboda privatne inicijative u privrednom \u017eivotu, kao i ravnopravnost \u017eene sa mu\u0161karcem.<\/p>\n","protected":false},"excerpt":{"rendered":"<p>Bosna i Hercegovina danas obilje\u017eava Dan dr\u017eavnosti, u znak sje\u0107anja na Prvo zasjedanje Zemaljskog antifa\u0161isti\u010dkog vije\u0107a narodnog oslobo\u0111enja Bosne i Hercegovine (ZAVNOBiH) u Mrkonji\u0107 Gradu 1943. godine, na kojem su donesene odluke o obnovi dr\u017eavnosti Bosne i Hercegovine. Prije ta\u010dno 77 godina, Vije\u0107nici ZAVNOBIH-a, njih ukupno 247 iz svih dijelova zemlje, usvojili su Rezoluciju o [&hellip;]<\/p>\n","protected":false},"author":59,"featured_media":19528,"comment_status":"closed","ping_status":"closed","sticky":false,"template":"","format":"standard","meta":{"inline_featured_image":false,"footnotes":""},"categories":[38],"tags":[],"class_list":{"0":"post-19527","1":"post","2":"type-post","3":"status-publish","4":"format-standard","5":"has-post-thumbnail","7":"category-vijesti-iz-bih"},"acf":[],"_links":{"self":[{"href":"https:\/\/tvsensor.com\/api\/wp\/v2\/posts\/19527","targetHints":{"allow":["GET"]}}],"collection":[{"href":"https:\/\/tvsensor.com\/api\/wp\/v2\/posts"}],"about":[{"href":"https:\/\/tvsensor.com\/api\/wp\/v2\/types\/post"}],"author":[{"embeddable":true,"href":"https:\/\/tvsensor.com\/api\/wp\/v2\/users\/59"}],"replies":[{"embeddable":true,"href":"https:\/\/tvsensor.com\/api\/wp\/v2\/comments?post=19527"}],"version-history":[{"count":1,"href":"https:\/\/tvsensor.com\/api\/wp\/v2\/posts\/19527\/revisions"}],"predecessor-version":[{"id":19529,"href":"https:\/\/tvsensor.com\/api\/wp\/v2\/posts\/19527\/revisions\/19529"}],"wp:featuredmedia":[{"embeddable":true,"href":"https:\/\/tvsensor.com\/api\/wp\/v2\/media\/19528"}],"wp:attachment":[{"href":"https:\/\/tvsensor.com\/api\/wp\/v2\/media?parent=19527"}],"wp:term":[{"taxonomy":"category","embeddable":true,"href":"https:\/\/tvsensor.com\/api\/wp\/v2\/categories?post=19527"},{"taxonomy":"post_tag","embeddable":true,"href":"https:\/\/tvsensor.com\/api\/wp\/v2\/tags?post=19527"}],"curies":[{"name":"wp","href":"https:\/\/api.w.org\/{rel}","templated":true}]}}