{"id":19524,"date":"2020-11-25T06:49:42","date_gmt":"2020-11-25T05:49:42","guid":{"rendered":"https:\/\/senzor.ba\/?p=19524"},"modified":"2024-01-15T21:42:14","modified_gmt":"2024-01-15T20:42:14","slug":"dodik-pozvao-inzka-da-zajedno-skinu-tablu-s-imenom-radovana-karadzica-na-palama","status":"publish","type":"post","link":"https:\/\/tvsensor.com\/clanak\/dodik-pozvao-inzka-da-zajedno-skinu-tablu-s-imenom-radovana-karadzica-na-palama\/","title":{"rendered":"Dodik pozvao Inzka da zajedno skinu tablu s imenom Radovana Karad\u017ei\u0107a na Palama"},"content":{"rendered":"\n<p>Predsjedavaju\u0107i Predsjedni\u0161tva BiH Milorad Dodik u svom zavr\u0161nom obra\u0107anju pred UN-om pozvao je visokog predstavnika Valentina Inzka da mu se pridru\u017ei u skidanju plo\u010de s imenom ratnog zlo\u010dinca Radovana Karad\u017ei\u0107a koja je postavljena na studentskom domu na Palama.&#8221;Pozivam ga li\u010dno da zaka\u017ee dan i sat da do\u0111e na to mjesto gdje se tabla nalazi, posmatra i bude sau\u010desnik dok se ona skida. Ali zar mislite da je to rje\u0161enje? Tabla Radovanu Karad\u017ei\u0107u je bila postavljena onda kada on nije bio osu\u0111en za ratne zlo\u010dine i to je \u010dinjenica. Ali Inzko se po\u010deo znojiti oko toga i mislim da je ovo fer ponuda. Kad god mi ka\u017ee da \u0107e biti na tom mjestu, u\u010dinit \u0107emo to zajedno ili neka bira, on ili ja&#8221;, kazao je Dodik komentari\u0161u\u0107i Inzkove navode da predsjedavaju\u0107i Predsjedni\u0161tva BiH i predsjednik SNSD-a na ovaj na\u010din veli\u010da ratne zlo\u010dince.<\/p>\n\n\n\n<p>Govore\u0107i dalje o toj temi, Dodik je naglasio da ne glorifikuje ratne zlo\u010dince i stradanja te da je i sam u ratu pomagao \u017ertvama, ali je dodao da Hag nije bio pravedan prema Srbima.<\/p>\n\n\n\n<p>&#8220;Podr\u017eavam osudu i presudu za svaki zlo\u010din koji je u\u010dinjen, svi Srbi su presu\u0111eni u Hagu i mislim da taj Ha\u0161ki tribunal prema Srbima nije bio korektan, jer je nesrazmjerno malo Bo\u0161njaka bilo pred Ha\u0161kim tribunalom&#8221;, kazao je.<\/p>\n\n\n\n<p>Dalje se osvrnuo na podr\u0161ku Inzku i kazao da ne razumije kako su ga podr\u017eale one zemlje koje podr\u017eavaju i Dejton s obzirom na to da ga visoki predstavnik u BiH kr\u0161i.<\/p>\n\n\n\n<p>&#8220;On nema pravo da tretira Dejtonski sporazum na takav na\u010din, nikoga ne napadam, ali \u0107u uvijek braniti srpski narod. I smatram da je BiH stabilna i odr\u017eiva dok je zemlja s dva entiteta i bilo bi dobro i pravedno da bude i tre\u0107i entitet hrvatskog naroda&#8221;, naglasio je Dodik.<\/p>\n\n\n\n<p>Kako je kazao, neke od zemalja su se &#8220;la\u017eno zabrinule \u0161to mladi odlaze iz BiH, a one ih same ohrabruju na to&#8221;.<\/p>\n\n\n\n<p>&#8220;Tako\u0111er, ovdje su neki dali i podr\u0161ku i Ustavnom sudu, on ne mo\u017ee mijenati ustav ve\u0107 ga samo provoditi. Morao bih da budem siguran u iskrenost kako bismo mogli sara\u0111ivati. Sven Alkalaj nema moju saglasnost za ve\u010dera\u0161nji nastup i za sve mu treba podr\u0161ka Predsjedni\u0161tva BiH. Tako\u0111er pitali ste me da li obilje\u017eavam neke od godi\u0161njica ove godine, pa da obilje\u017eit \u0107u 75. godina Auschwitza&#8221;, zaklju\u010dio je Dodik.<\/p>\n\n\n\n<p>Podsje\u0107amo, Inzko je ranije najavio da tra\u017eit da se Dodiku zabrani putovanje u EU ako ne ukloni plo\u010du s imenom Radovana Karad\u017ei\u0107a.<\/p>\n","protected":false},"excerpt":{"rendered":"<p>Predsjedavaju\u0107i Predsjedni\u0161tva BiH Milorad Dodik u svom zavr\u0161nom obra\u0107anju pred UN-om pozvao je visokog predstavnika Valentina Inzka da mu se pridru\u017ei u skidanju plo\u010de s imenom ratnog zlo\u010dinca Radovana Karad\u017ei\u0107a koja je postavljena na studentskom domu na Palama.&#8221;Pozivam ga li\u010dno da zaka\u017ee dan i sat da do\u0111e na to mjesto gdje se tabla nalazi, posmatra [&hellip;]<\/p>\n","protected":false},"author":59,"featured_media":19525,"comment_status":"closed","ping_status":"closed","sticky":false,"template":"","format":"standard","meta":{"inline_featured_image":false,"footnotes":""},"categories":[234,37,38],"tags":[],"class_list":{"0":"post-19524","1":"post","2":"type-post","3":"status-publish","4":"format-standard","5":"has-post-thumbnail","7":"category-politika","8":"category-vijesti","9":"category-vijesti-iz-bih"},"acf":[],"_links":{"self":[{"href":"https:\/\/tvsensor.com\/api\/wp\/v2\/posts\/19524","targetHints":{"allow":["GET"]}}],"collection":[{"href":"https:\/\/tvsensor.com\/api\/wp\/v2\/posts"}],"about":[{"href":"https:\/\/tvsensor.com\/api\/wp\/v2\/types\/post"}],"author":[{"embeddable":true,"href":"https:\/\/tvsensor.com\/api\/wp\/v2\/users\/59"}],"replies":[{"embeddable":true,"href":"https:\/\/tvsensor.com\/api\/wp\/v2\/comments?post=19524"}],"version-history":[{"count":1,"href":"https:\/\/tvsensor.com\/api\/wp\/v2\/posts\/19524\/revisions"}],"predecessor-version":[{"id":19526,"href":"https:\/\/tvsensor.com\/api\/wp\/v2\/posts\/19524\/revisions\/19526"}],"wp:featuredmedia":[{"embeddable":true,"href":"https:\/\/tvsensor.com\/api\/wp\/v2\/media\/19525"}],"wp:attachment":[{"href":"https:\/\/tvsensor.com\/api\/wp\/v2\/media?parent=19524"}],"wp:term":[{"taxonomy":"category","embeddable":true,"href":"https:\/\/tvsensor.com\/api\/wp\/v2\/categories?post=19524"},{"taxonomy":"post_tag","embeddable":true,"href":"https:\/\/tvsensor.com\/api\/wp\/v2\/tags?post=19524"}],"curies":[{"name":"wp","href":"https:\/\/api.w.org\/{rel}","templated":true}]}}