{"id":19517,"date":"2020-11-25T06:45:59","date_gmt":"2020-11-25T05:45:59","guid":{"rendered":"https:\/\/senzor.ba\/?p=19517"},"modified":"2024-01-15T21:42:15","modified_gmt":"2024-01-15T20:42:15","slug":"inzko-sokiran-sam-zbog-izjava-dodika-posebno-jer-je-ashdowna-nazvao-kriminalcem","status":"publish","type":"post","link":"https:\/\/tvsensor.com\/clanak\/inzko-sokiran-sam-zbog-izjava-dodika-posebno-jer-je-ashdowna-nazvao-kriminalcem\/","title":{"rendered":"Inzko: \u0160okiran sam zbog izjava Dodika, posebno jer je Ashdowna nazvao kriminalcem"},"content":{"rendered":"\n<p>Nakon \u0161to su se obratile svi ambasadori Vije\u0107a sigurnosti, ruski ambasador pri Ujedinjenim nacijama Vasily Nebenzy rije\u010d je ponovo dao Valentinu Inzku koji je kazao da je \u0161okiran zbog nekih stvari koje je rekao Milorad Dodik.Inzko je izrazio zahvalnost svim ambasadorima jer podr\u017eavaju njegov i rad OHR-a.<\/p>\n\n\n\n<p>&#8220;Kao \u0161to ste mogli vidjeti ve\u010deras, radimo u te\u0161kom politi\u010dkom okru\u017eenju. \u017delim samo kazati da nisam koristio bonske ovlasti od 2011., nisam nametnuo nikakvu odluko o dr\u017eavnoj imovini i ne radim protiv nijednog konstitutivnog naroda u BiH&#8221;, rekao je Inzko.<\/p>\n\n\n\n<figure class=\"wp-block-embed-wordpress wp-block-embed is-type-wp-embed is-provider-senzor\"><div class=\"wp-block-embed__wrapper\">\n<blockquote class=\"wp-embedded-content\" data-secret=\"wNXMe2mNn8\"><a href=\"https:\/\/tvsensor.com\/skandalozno-obracanje-dodika-pred-un-om-izvrijedjao-inzka-nazvao-ga-monstrumom\/\">Skandalozno obra\u0107anje Dodika pred UN-om: Izvrije\u0111ao Inzka, nazvao ga monstrumom<\/a><\/blockquote><iframe loading=\"lazy\" class=\"wp-embedded-content\" sandbox=\"allow-scripts\" security=\"restricted\" style=\"position: absolute; clip: rect(1px, 1px, 1px, 1px);\" title=\"&#8220;Skandalozno obra\u0107anje Dodika pred UN-om: Izvrije\u0111ao Inzka, nazvao ga monstrumom&#8221; &#8212; TVSensor\" src=\"https:\/\/tvsensor.com\/skandalozno-obracanje-dodika-pred-un-om-izvrijedjao-inzka-nazvao-ga-monstrumom\/embed\/#?secret=MVsp5e5j2m#?secret=wNXMe2mNn8\" data-secret=\"wNXMe2mNn8\" width=\"600\" height=\"338\" frameborder=\"0\" marginwidth=\"0\" marginheight=\"0\" scrolling=\"no\"><\/iframe>\n<\/div><\/figure>\n\n\n\n<p>Istakao je da je \u0161okiran i razo\u010daran jer je Milorad Dodik u svom izlaganju biv\u0161eg visokog predstavnika Paddyja Ashdowna nazvao kriminalcem.<\/p>\n\n\n\n<p>&#8220;Kada meni to ka\u017ee ja se mogu braniti, on je preminuo i ne mo\u017ee. Izra\u017eavam ga\u0111enje zbog toga&#8221;, kazao je Inzko.<\/p>\n\n\n\n<p>Na kraju svog obra\u0107anja \u010destitao je Draganu \u010covi\u0107u zbog dogovora koji \u0107e rezultirati izborima u Mostaru nakon 12 godina.<\/p>\n","protected":false},"excerpt":{"rendered":"<p>Nakon \u0161to su se obratile svi ambasadori Vije\u0107a sigurnosti, ruski ambasador pri Ujedinjenim nacijama Vasily Nebenzy rije\u010d je ponovo dao Valentinu Inzku koji je kazao da je \u0161okiran zbog nekih stvari koje je rekao Milorad Dodik.Inzko je izrazio zahvalnost svim ambasadorima jer podr\u017eavaju njegov i rad OHR-a. &#8220;Kao \u0161to ste mogli vidjeti ve\u010deras, radimo u [&hellip;]<\/p>\n","protected":false},"author":59,"featured_media":19518,"comment_status":"closed","ping_status":"closed","sticky":false,"template":"","format":"standard","meta":{"inline_featured_image":false,"footnotes":""},"categories":[234,37,38],"tags":[],"class_list":{"0":"post-19517","1":"post","2":"type-post","3":"status-publish","4":"format-standard","5":"has-post-thumbnail","7":"category-politika","8":"category-vijesti","9":"category-vijesti-iz-bih"},"acf":[],"_links":{"self":[{"href":"https:\/\/tvsensor.com\/api\/wp\/v2\/posts\/19517","targetHints":{"allow":["GET"]}}],"collection":[{"href":"https:\/\/tvsensor.com\/api\/wp\/v2\/posts"}],"about":[{"href":"https:\/\/tvsensor.com\/api\/wp\/v2\/types\/post"}],"author":[{"embeddable":true,"href":"https:\/\/tvsensor.com\/api\/wp\/v2\/users\/59"}],"replies":[{"embeddable":true,"href":"https:\/\/tvsensor.com\/api\/wp\/v2\/comments?post=19517"}],"version-history":[{"count":1,"href":"https:\/\/tvsensor.com\/api\/wp\/v2\/posts\/19517\/revisions"}],"predecessor-version":[{"id":19519,"href":"https:\/\/tvsensor.com\/api\/wp\/v2\/posts\/19517\/revisions\/19519"}],"wp:featuredmedia":[{"embeddable":true,"href":"https:\/\/tvsensor.com\/api\/wp\/v2\/media\/19518"}],"wp:attachment":[{"href":"https:\/\/tvsensor.com\/api\/wp\/v2\/media?parent=19517"}],"wp:term":[{"taxonomy":"category","embeddable":true,"href":"https:\/\/tvsensor.com\/api\/wp\/v2\/categories?post=19517"},{"taxonomy":"post_tag","embeddable":true,"href":"https:\/\/tvsensor.com\/api\/wp\/v2\/tags?post=19517"}],"curies":[{"name":"wp","href":"https:\/\/api.w.org\/{rel}","templated":true}]}}